{"id":455,"date":"2020-08-21T14:28:44","date_gmt":"2020-08-21T14:28:44","guid":{"rendered":"https:\/\/fidelidadacuba.org\/?p=455"},"modified":"2020-08-21T14:28:59","modified_gmt":"2020-08-21T14:28:59","slug":"ee-uu-contra-cuba-seis-decadas-de-acciones-terroristas-video","status":"publish","type":"post","link":"https:\/\/fidelidadacuba.org\/en\/ee-uu-contra-cuba-seis-decadas-de-acciones-terroristas-video\/","title":{"rendered":"EE.UU. contra Cuba: seis d\u00e9cadas de acciones terroristas (+Video)"},"content":{"rendered":"<p>La Habana, 21 ago (Prensa Latina) Al conmemorarse hoy el D\u00eda Internacional de Homenaje a las V\u00edctimas del Terrorismo, Cuba recuerda a sus m\u00e1s de tres mil muertos como consecuencia de acciones violentas organizadas desde Estados Unidos en las \u00faltimas seis d\u00e9cadas.<br>Las lista de actos terroristas contra la mayor de las Antillas es larga, y abarca, desde agresiones militares, hasta econ\u00f3micas, biol\u00f3gicas, diplom\u00e1ticas, psicol\u00f3gicas, medi\u00e1ticas, de espionaje, as\u00ed como la ejecuci\u00f3n de actos de sabotaje e intentos de asesinato a l\u00edderes.<\/p>\n\n\n\n<figure class=\"wp-block-table\"><table><tbody><tr><td>https:\/\/www.youtube.com\/embed\/7f1B-aKLPh4?controls=1&amp;rel=0<\/td><\/tr><tr><td>Principales agresiones contra Cuba<\/td><\/tr><\/tbody><\/table><\/figure>\n\n\n\n<p>En total, tres mil 478 cubanos murieron y dos mil 99 quedaron incapacitados como resultado de los planes violentos de Washington contra la isla.<\/p>\n\n\n\n<p>Un hecho que marc\u00f3 la historia de agresiones contra la naci\u00f3n caribe\u00f1a ocurri\u00f3 el 6 de octubre de 1976, cuando explot\u00f3 en pleno vuelo un avi\u00f3n de Cubana de Aviaci\u00f3n que sal\u00eda de Barbados hacia La Habana con 76 personas a bordo, ninguna sobrevivi\u00f3.<\/p>\n\n\n\n<p>Ese ataque, de acuerdo con investigaciones, fue orquestado al servicio de la Agencia Central de Inteligencia (CIA) por los terroristas de origen cubano Luis Posada Carriles y Orlando Bosch, quienes posteriormente se refugiaron en Miami hasta su muerte. Adem\u00e1s, dentro de las acciones terroristas destacan el sabotaje del vapor franc\u00e9s La Coubre en marzo de 1960, con un saldo de m\u00e1s de 100 muertos y 400 heridos; la introducci\u00f3n de la epidemia de dengue hemorr\u00e1gico en 1981, que caus\u00f3 158 fallecidos, entre ellos 101 ni\u00f1os; y los m\u00e1s de 600 intentos de asesinato al l\u00edder hist\u00f3rico de la Revoluci\u00f3n, Fidel Castro.<\/p>\n\n\n\n<p>Est\u00e1 tambi\u00e9n la invasi\u00f3n mercenaria por Playa Gir\u00f3n en abril de 1961, realizada con el apoyo de la CIA y que result\u00f3 en una derrota militar para los Estados Unidos, pero dej\u00f3 un saldo de 176 cubanos fallecidos y m\u00e1s de 300 heridos.<\/p>\n\n\n\n<p>A finales de los a\u00f1os 90 del siglo pasado, en medio del auge de la industria tur\u00edstica nacional, terroristas al servicio de Washington colocaron explosivos en hoteles de La Habana, uno de ellos provoc\u00f3 la muerte del turista italiano Fabio Di Celmo.<\/p>\n\n\n\n<p>Cinco cubanos que estuvieron infiltrados en grupos terroristas de Miami para impedir hechos de ese tipo resultaron encarcelados all\u00ed por 15 a\u00f1os a pesar de no existir pruebas en su contra, por lo que a nivel internacional una campa\u00f1a exig\u00eda su libertad.<\/p>\n\n\n\n<p>En mayo de 1999 el pueblo cubano interpuso una demanda al gobierno de Estados Unidos en la que exige el pago de 181 mil millones de d\u00f3lares por los da\u00f1os que ha ocasionado el terrorismo de Estado a la mayor de las Antillas; sin embargo, aunque la solicitud se mantiene vigente, la Casa Blanca no ha cumplido.<\/p>\n\n\n\n<p>La historia de ese tipo de acciones no conluye ah\u00ed, pues el 30 de abril de este a\u00f1o la embajada de la isla en Washington fue atacada a balazos y las autoriades cubanas mostaron evidencias que vinculan al autor de los disparos con grupos de extrema derecha de la Florida.<\/p>\n\n\n\n<p>Luego de ese tiroteo, el Departamento de Estado incluy\u00f3 a La Habana en una lista unilateral de pa\u00edses que &#8216;no cooperan&#8217; en la lucha contra el terrorismo, lo cual Cuba calific\u00f3 de &#8216;un acto pol\u00edtico, deliberado y profundamente deshonesto&#8217;.<\/p>\n\n\n\n<p>agp\/avr<\/p>","protected":false},"excerpt":{"rendered":"<p>La Habana, 21 ago (Prensa Latina) Al conmemorarse hoy el D\u00eda Internacional de Homenaje a las V\u00edctimas del Terrorismo, Cuba recuerda a sus m\u00e1s de tres mil muertos como consecuencia de acciones violentas organizadas desde Estados Unidos en las \u00faltimas seis d\u00e9cadas.Las lista de actos terroristas contra la mayor de las Antillas es larga, y [&hellip;]<\/p>\n","protected":false},"author":3,"featured_media":456,"comment_status":"closed","ping_status":"open","sticky":false,"template":"","format":"standard","meta":{"nf_dc_page":"","om_disable_all_campaigns":false,"_uag_custom_page_level_css":"","_monsterinsights_skip_tracking":false,"_monsterinsights_sitenote_active":false,"_monsterinsights_sitenote_note":"","_monsterinsights_sitenote_category":0,"_jetpack_memberships_contains_paid_content":false,"footnotes":""},"categories":[5,3],"tags":[],"class_list":["post-455","post","type-post","status-publish","format-standard","has-post-thumbnail","hentry","category-cuba","category-noticias"],"jetpack_featured_media_url":"https:\/\/i0.wp.com\/fidelidadacuba.org\/wp-content\/uploads\/2020\/08\/0cuba-terrorismo.jpg?fit=748%2C498&ssl=1","uagb_featured_image_src":{"full":["https:\/\/i0.wp.com\/fidelidadacuba.org\/wp-content\/uploads\/2020\/08\/0cuba-terrorismo.jpg?fit=748%2C498&ssl=1",748,498,false],"thumbnail":["https:\/\/i0.wp.com\/fidelidadacuba.org\/wp-content\/uploads\/2020\/08\/0cuba-terrorismo.jpg?resize=150%2C150&ssl=1",150,150,true],"medium":["https:\/\/i0.wp.com\/fidelidadacuba.org\/wp-content\/uploads\/2020\/08\/0cuba-terrorismo.jpg?fit=300%2C200&ssl=1",300,200,true],"medium_large":["https:\/\/i0.wp.com\/fidelidadacuba.org\/wp-content\/uploads\/2020\/08\/0cuba-terrorismo.jpg?fit=640%2C426&ssl=1",640,426,true],"large":["https:\/\/i0.wp.com\/fidelidadacuba.org\/wp-content\/uploads\/2020\/08\/0cuba-terrorismo.jpg?fit=640%2C426&ssl=1",640,426,true],"gs-square-thumb":["https:\/\/i0.wp.com\/fidelidadacuba.org\/wp-content\/uploads\/2020\/08\/0cuba-terrorismo.jpg?resize=420%2C420&ssl=1",420,420,true],"400x600":["https:\/\/i0.wp.com\/fidelidadacuba.org\/wp-content\/uploads\/2020\/08\/0cuba-terrorismo.jpg?resize=400%2C498&ssl=1",400,498,true],"250x375":["https:\/\/i0.wp.com\/fidelidadacuba.org\/wp-content\/uploads\/2020\/08\/0cuba-terrorismo.jpg?resize=250%2C375&ssl=1",250,375,true],"1536x1536":["https:\/\/i0.wp.com\/fidelidadacuba.org\/wp-content\/uploads\/2020\/08\/0cuba-terrorismo.jpg?fit=748%2C498&ssl=1",748,498,true],"2048x2048":["https:\/\/i0.wp.com\/fidelidadacuba.org\/wp-content\/uploads\/2020\/08\/0cuba-terrorismo.jpg?fit=748%2C498&ssl=1",748,498,true],"trp-custom-language-flag":["https:\/\/i0.wp.com\/fidelidadacuba.org\/wp-content\/uploads\/2020\/08\/0cuba-terrorismo.jpg?fit=18%2C12&ssl=1",18,12,true],"power-magazine-slider":["https:\/\/i0.wp.com\/fidelidadacuba.org\/wp-content\/uploads\/2020\/08\/0cuba-terrorismo.jpg?resize=748%2C498&ssl=1",748,498,true],"power-magazine-mixed":["https:\/\/i0.wp.com\/fidelidadacuba.org\/wp-content\/uploads\/2020\/08\/0cuba-terrorismo.jpg?resize=194%2C194&ssl=1",194,194,true],"power-magazine-mixed-large":["https:\/\/i0.wp.com\/fidelidadacuba.org\/wp-content\/uploads\/2020\/08\/0cuba-terrorismo.jpg?resize=360%2C212&ssl=1",360,212,true],"power-magazine-masonry-large":["https:\/\/i0.wp.com\/fidelidadacuba.org\/wp-content\/uploads\/2020\/08\/0cuba-terrorismo.jpg?resize=360%2C440&ssl=1",360,440,true],"rpwe-thumbnail":["https:\/\/fidelidadacuba.org\/wp-content\/uploads\/2020\/08\/0cuba-terrorismo.jpg",45,30,false]},"uagb_author_info":{"display_name":"Yhonny Garc\u00eca Calles","author_link":"https:\/\/fidelidadacuba.org\/en\/author\/yhonnyg\/"},"uagb_comment_info":0,"uagb_excerpt":"La Habana, 21 ago (Prensa Latina) Al conmemorarse hoy el D\u00eda Internacional de Homenaje a las V\u00edctimas del Terrorismo, Cuba recuerda a sus m\u00e1s de tres mil muertos como consecuencia de acciones violentas organizadas desde Estados Unidos en las \u00faltimas seis d\u00e9cadas.Las lista de actos terroristas contra la mayor de las Antillas es larga, y&hellip;","jetpack_sharing_enabled":true,"_links":{"self":[{"href":"https:\/\/fidelidadacuba.org\/en\/wp-json\/wp\/v2\/posts\/455","targetHints":{"allow":["GET"]}}],"collection":[{"href":"https:\/\/fidelidadacuba.org\/en\/wp-json\/wp\/v2\/posts"}],"about":[{"href":"https:\/\/fidelidadacuba.org\/en\/wp-json\/wp\/v2\/types\/post"}],"author":[{"embeddable":true,"href":"https:\/\/fidelidadacuba.org\/en\/wp-json\/wp\/v2\/users\/3"}],"replies":[{"embeddable":true,"href":"https:\/\/fidelidadacuba.org\/en\/wp-json\/wp\/v2\/comments?post=455"}],"version-history":[{"count":1,"href":"https:\/\/fidelidadacuba.org\/en\/wp-json\/wp\/v2\/posts\/455\/revisions"}],"predecessor-version":[{"id":457,"href":"https:\/\/fidelidadacuba.org\/en\/wp-json\/wp\/v2\/posts\/455\/revisions\/457"}],"wp:featuredmedia":[{"embeddable":true,"href":"https:\/\/fidelidadacuba.org\/en\/wp-json\/wp\/v2\/media\/456"}],"wp:attachment":[{"href":"https:\/\/fidelidadacuba.org\/en\/wp-json\/wp\/v2\/media?parent=455"}],"wp:term":[{"taxonomy":"category","embeddable":true,"href":"https:\/\/fidelidadacuba.org\/en\/wp-json\/wp\/v2\/categories?post=455"},{"taxonomy":"post_tag","embeddable":true,"href":"https:\/\/fidelidadacuba.org\/en\/wp-json\/wp\/v2\/tags?post=455"}],"curies":[{"name":"wp","href":"https:\/\/api.w.org\/{rel}","templated":true}]}}