{"id":412,"date":"2020-08-17T14:22:23","date_gmt":"2020-08-17T14:22:23","guid":{"rendered":"https:\/\/fidelidadacuba.org\/?p=412"},"modified":"2020-08-17T14:22:26","modified_gmt":"2020-08-17T14:22:26","slug":"brigada-internacional-henry-reeve-refuerza-enfrentamiento-a-pandemia-de-covid-19-en-venezuela","status":"publish","type":"post","link":"https:\/\/fidelidadacuba.org\/en\/brigada-internacional-henry-reeve-refuerza-enfrentamiento-a-pandemia-de-covid-19-en-venezuela\/","title":{"rendered":"Brigada Internacional Henry Reeve refuerza enfrentamiento a pandemia de Covid-19 en Venezuela"},"content":{"rendered":"<p>Caracas, 16 ago (Prensa Latina) Un grupo de 212 profesionales de la salud de Cuba arrib\u00f3 hoy a Venezuela para reforzar las acciones de enfrentamiento a la pandemia de Covid-19 en la naci\u00f3n sudamericana.<br>Durante el recibimiento al contingente m\u00e9dico de la isla en el aeropuerto internacional Sim\u00f3n Bol\u00edvar, en La Guaira, el ministro para la Salud, Carlos Alvarado, precis\u00f3 que el personal se desplegar\u00e1 en labores asistenciales en Caracas, epicentro de la emergencia epidemiol\u00f3gica en el pa\u00eds.<\/p>\n\n\n\n<p>El titular se\u00f1al\u00f3 que en las pr\u00f3ximas semanas arribar\u00e1n nuevos equipos de colaboradores hasta completar la cifra de mil profesionales adicionales incorporados a la misi\u00f3n m\u00e9dica cubana en territorio venezolano.<\/p>\n\n\n\n<p>Alvarado insisti\u00f3 en el estricto cumplimiento de las medidas de prevenci\u00f3n y bioseguridad, con el fin de preservar la integridad del personal asistencial desplegado en la contenci\u00f3n de la pandemia en Venezuela, donde los casos confirmados de Covid-19 suman 33 mil 755.<\/p>\n\n\n\n<p>A su vez, el canciller Jorge Arreaza destac\u00f3 el decisivo apoyo brindado por la brigada m\u00e9dica cubana para llevar salud al pueblo venezolano a trav\u00e9s de la misi\u00f3n Barrio Adentro, fruto del convenio integral de cooperaci\u00f3n entre ambas naciones.<\/p>\n\n\n\n<p>Arreaza record\u00f3 el legado de los l\u00edderes revolucionarios Fidel Castro (1926-2016) y Hugo Ch\u00e1vez (1954-2013) en la construcci\u00f3n de una relaci\u00f3n de hermandad y solidaridad entre Cuba y Venezuela.<\/p>\n\n\n\n<p>El ministro de Relaciones Exteriores ratific\u00f3 adem\u00e1s la voluntad de fortalecer los nexos bilaterales frente a las agresiones del gobierno de Estados Unidos, dirigidas a torpedear los v\u00ednculos de alcance estrat\u00e9gico entre ambos pa\u00edses.<\/p>\n\n\n\n<p>Conformada por m\u00e1s de 20 mil colaboradores, la brigada m\u00e9dica de Cuba en Venezuela reforz\u00f3 el enfrentamiento a la pandemia de Covid-19 en los estados y municipios m\u00e1s afectados por la emergencia sanitaria.<\/p>\n\n\n\n<p>mem\/wup<\/p>","protected":false},"excerpt":{"rendered":"<p>Caracas, 16 ago (Prensa Latina) Un grupo de 212 profesionales de la salud de Cuba arrib\u00f3 hoy a Venezuela para reforzar las acciones de enfrentamiento a la pandemia de Covid-19 en la naci\u00f3n sudamericana.Durante el recibimiento al contingente m\u00e9dico de la isla en el aeropuerto internacional Sim\u00f3n Bol\u00edvar, en La Guaira, el ministro para la [&hellip;]<\/p>\n","protected":false},"author":3,"featured_media":415,"comment_status":"closed","ping_status":"open","sticky":false,"template":"","format":"standard","meta":{"nf_dc_page":"","om_disable_all_campaigns":false,"_uag_custom_page_level_css":"","_monsterinsights_skip_tracking":false,"_monsterinsights_sitenote_active":false,"_monsterinsights_sitenote_note":"","_monsterinsights_sitenote_category":0,"_jetpack_memberships_contains_paid_content":false,"footnotes":""},"categories":[5,3,6],"tags":[],"class_list":["post-412","post","type-post","status-publish","format-standard","has-post-thumbnail","hentry","category-cuba","category-noticias","category-venezuela"],"jetpack_featured_media_url":"https:\/\/i0.wp.com\/fidelidadacuba.org\/wp-content\/uploads\/2020\/08\/0MedicosCuba3-1.jpg?fit=847%2C477&ssl=1","uagb_featured_image_src":{"full":["https:\/\/i0.wp.com\/fidelidadacuba.org\/wp-content\/uploads\/2020\/08\/0MedicosCuba3-1.jpg?fit=847%2C477&ssl=1",847,477,false],"thumbnail":["https:\/\/i0.wp.com\/fidelidadacuba.org\/wp-content\/uploads\/2020\/08\/0MedicosCuba3-1.jpg?resize=150%2C150&ssl=1",150,150,true],"medium":["https:\/\/i0.wp.com\/fidelidadacuba.org\/wp-content\/uploads\/2020\/08\/0MedicosCuba3-1.jpg?fit=300%2C169&ssl=1",300,169,true],"medium_large":["https:\/\/i0.wp.com\/fidelidadacuba.org\/wp-content\/uploads\/2020\/08\/0MedicosCuba3-1.jpg?fit=640%2C361&ssl=1",640,361,true],"large":["https:\/\/i0.wp.com\/fidelidadacuba.org\/wp-content\/uploads\/2020\/08\/0MedicosCuba3-1.jpg?fit=640%2C360&ssl=1",640,360,true],"gs-square-thumb":["https:\/\/i0.wp.com\/fidelidadacuba.org\/wp-content\/uploads\/2020\/08\/0MedicosCuba3-1.jpg?resize=420%2C420&ssl=1",420,420,true],"400x600":["https:\/\/i0.wp.com\/fidelidadacuba.org\/wp-content\/uploads\/2020\/08\/0MedicosCuba3-1.jpg?resize=400%2C477&ssl=1",400,477,true],"250x375":["https:\/\/i0.wp.com\/fidelidadacuba.org\/wp-content\/uploads\/2020\/08\/0MedicosCuba3-1.jpg?resize=250%2C375&ssl=1",250,375,true],"1536x1536":["https:\/\/i0.wp.com\/fidelidadacuba.org\/wp-content\/uploads\/2020\/08\/0MedicosCuba3-1.jpg?fit=847%2C477&ssl=1",847,477,true],"2048x2048":["https:\/\/i0.wp.com\/fidelidadacuba.org\/wp-content\/uploads\/2020\/08\/0MedicosCuba3-1.jpg?fit=847%2C477&ssl=1",847,477,true],"trp-custom-language-flag":["https:\/\/i0.wp.com\/fidelidadacuba.org\/wp-content\/uploads\/2020\/08\/0MedicosCuba3-1.jpg?fit=18%2C10&ssl=1",18,10,true],"power-magazine-slider":["https:\/\/i0.wp.com\/fidelidadacuba.org\/wp-content\/uploads\/2020\/08\/0MedicosCuba3-1.jpg?resize=750%2C477&ssl=1",750,477,true],"power-magazine-mixed":["https:\/\/i0.wp.com\/fidelidadacuba.org\/wp-content\/uploads\/2020\/08\/0MedicosCuba3-1.jpg?resize=194%2C194&ssl=1",194,194,true],"power-magazine-mixed-large":["https:\/\/i0.wp.com\/fidelidadacuba.org\/wp-content\/uploads\/2020\/08\/0MedicosCuba3-1.jpg?resize=360%2C212&ssl=1",360,212,true],"power-magazine-masonry-large":["https:\/\/i0.wp.com\/fidelidadacuba.org\/wp-content\/uploads\/2020\/08\/0MedicosCuba3-1.jpg?resize=360%2C440&ssl=1",360,440,true],"rpwe-thumbnail":["https:\/\/fidelidadacuba.org\/wp-content\/uploads\/2020\/08\/0MedicosCuba3-1.jpg",45,25,false]},"uagb_author_info":{"display_name":"Yhonny Garc\u00eca Calles","author_link":"https:\/\/fidelidadacuba.org\/en\/author\/yhonnyg\/"},"uagb_comment_info":0,"uagb_excerpt":"Caracas, 16 ago (Prensa Latina) Un grupo de 212 profesionales de la salud de Cuba arrib\u00f3 hoy a Venezuela para reforzar las acciones de enfrentamiento a la pandemia de Covid-19 en la naci\u00f3n sudamericana.Durante el recibimiento al contingente m\u00e9dico de la isla en el aeropuerto internacional Sim\u00f3n Bol\u00edvar, en La Guaira, el ministro para la&hellip;","jetpack_sharing_enabled":true,"_links":{"self":[{"href":"https:\/\/fidelidadacuba.org\/en\/wp-json\/wp\/v2\/posts\/412","targetHints":{"allow":["GET"]}}],"collection":[{"href":"https:\/\/fidelidadacuba.org\/en\/wp-json\/wp\/v2\/posts"}],"about":[{"href":"https:\/\/fidelidadacuba.org\/en\/wp-json\/wp\/v2\/types\/post"}],"author":[{"embeddable":true,"href":"https:\/\/fidelidadacuba.org\/en\/wp-json\/wp\/v2\/users\/3"}],"replies":[{"embeddable":true,"href":"https:\/\/fidelidadacuba.org\/en\/wp-json\/wp\/v2\/comments?post=412"}],"version-history":[{"count":1,"href":"https:\/\/fidelidadacuba.org\/en\/wp-json\/wp\/v2\/posts\/412\/revisions"}],"predecessor-version":[{"id":414,"href":"https:\/\/fidelidadacuba.org\/en\/wp-json\/wp\/v2\/posts\/412\/revisions\/414"}],"wp:featuredmedia":[{"embeddable":true,"href":"https:\/\/fidelidadacuba.org\/en\/wp-json\/wp\/v2\/media\/415"}],"wp:attachment":[{"href":"https:\/\/fidelidadacuba.org\/en\/wp-json\/wp\/v2\/media?parent=412"}],"wp:term":[{"taxonomy":"category","embeddable":true,"href":"https:\/\/fidelidadacuba.org\/en\/wp-json\/wp\/v2\/categories?post=412"},{"taxonomy":"post_tag","embeddable":true,"href":"https:\/\/fidelidadacuba.org\/en\/wp-json\/wp\/v2\/tags?post=412"}],"curies":[{"name":"wp","href":"https:\/\/api.w.org\/{rel}","templated":true}]}}