{"id":378,"date":"2020-08-15T19:14:10","date_gmt":"2020-08-15T19:14:10","guid":{"rendered":"https:\/\/fidelidadacuba.org\/?p=378"},"modified":"2020-08-15T19:14:22","modified_gmt":"2020-08-15T19:14:22","slug":"pacientes-graves-de-covid-19-en-caracas-en-manos-cubanas-fotos","status":"publish","type":"post","link":"https:\/\/fidelidadacuba.org\/en\/pacientes-graves-de-covid-19-en-caracas-en-manos-cubanas-fotos\/","title":{"rendered":"Pacientes graves de Covid-19 en Caracas, en manos cubanas (+Fotos)"},"content":{"rendered":"<p>Por Dailyn Ruano Mart\u00ednez *<\/p>\n\n\n\n<p>Caracas (Prensa Latina) Medio centenar de especialistas cubanos en servicios de emergencias sostienen una batalla por la vida, en una de las instituciones hospitalarias de Caracas dedicada a la atenci\u00f3n al paciente grave por Covid-19.<br>El grupo de galenos de la octava brigada del contingente Ernesto Guevara, constituido para reforzar las zonas m\u00e1s afectadas por la pandemia en la naci\u00f3n sudamericana, refuerza las labores del gobierno bolivariano para la prevenci\u00f3n, atenci\u00f3n y control del coronavirus SARS-CoV-2.<\/p>\n\n\n\n<p>En la unidad de cuidados intensivos del hospital Doctor Leopoldo Manrique, al sur de la urbe capitalina, los colaboradores de la misi\u00f3n m\u00e9dica cubana velan por la salud de cada enfermo de Covid-19; entre experiencia y aprendizaje, comparten criterios y revisan minuciosamente cada caso. Desde mediados de julio, asumieron labores asistenciales en un centro de salud con \u00e1reas remodeladas por el Ejecutivo nacional, en un contexto marcado por el sostenido aumento de casos positivos en el Distrito Capital, considerado epicentro de la pandemia.<\/p>\n\n\n\n<p>En entrevista con Prensa Latina, el especialista en primer grado de Terapia Intensiva y Emergencia, Alexander Roque Gali, destaca que el enfrentamiento diario a la Covid-19 requiere del constante intercambio de conocimientos y estudio para cumplir con el prop\u00f3sito de salvar vidas.<br><img data-recalc-dims=\"1\" decoding=\"async\" src=\"https:\/\/i0.wp.com\/www.prensa-latina.cu\/images\/2020\/agosto\/15\/cuba-medicos-brig-venez1.jpg?w=640&#038;ssl=1\" alt=\"\"><br>Al frente del equipo de 56 profesionales, el galeno de la provincia de Pinar del R\u00edo explica que los m\u00e9dicos y el personal de enfermer\u00eda, laboratorio cl\u00ednico, rayos x, imagenolog\u00eda y anestesia conforman tres equipos de guardia para garantizar la atenci\u00f3n constante a los pacientes graves.<\/p>\n\n\n\n<p>&#8216;En la terapia intensiva nos enfrentamos a complicaciones asociadas a insuficiencia respiratoria con necesidad de ventilaci\u00f3n, cardiovasculares, arritmias, procesos de tromboembolismo, entre otras, descritas ya en la literatura referida a la Covid-19&#8217;, precisa Roque Gali.<br><img data-recalc-dims=\"1\" decoding=\"async\" src=\"https:\/\/i0.wp.com\/www.prensa-latina.cu\/images\/2020\/agosto\/15\/cuba-medicos-brig-venez2.jpg?w=640&#038;ssl=1\" alt=\"\"><br>Ante el repaso de la memoria aflora el recuerdo de una de las primeras pacientes salvadas por el equipo de expertos cubanos, a pesar de su estado de gravedad, quien profes\u00f3 su agradecimiento infinito a los galenos justo antes de despedirse de la unidad de cuidados intensivos.<\/p>\n\n\n\n<p>&#8216;Logramos recuperarla despu\u00e9s de aplicar el protocolo y las normas establecidas para esta enfermedad; la se\u00f1ora de 52 a\u00f1os lleg\u00f3 en muy malas condiciones, y result\u00f3 emotiva su despedida de la sala de terapia intensiva, con tantas muestras de agradecimiento hacia nosotros&#8217;, relata.<\/p>\n\n\n\n<p>Como m\u00e9dicos intensivistas sostenemos una lucha eterna por la vida y la mejor recuperaci\u00f3n posible del paciente grave, asegura el doctor Roque Gali, miembro fundador del contingente Henry Reeve, especializado en brindar atenci\u00f3n m\u00e9dica en situaci\u00f3n de desastres y graves epidemias.<\/p>\n\n\n\n<p>Despu\u00e9s de prestar servicios de salud en Guatemala en el 2005 y por segunda vez en Venezuela, el m\u00e1ster en Urgencias M\u00e9dicas valora como \u00fanico e inolvidable, el actual desaf\u00edo por la salud en medio de la crisis sanitaria mundial.<\/p>\n\n\n\n<p>Nos sentimos felices de formar parte de esta brigada, y protagonizar este arduo cap\u00edtulo profesional, como muchos de mis colegas en varios lugares del mundo, subraya Roque Gali; &#8216;ser\u00e1 suficiente con que alguien recuerde alg\u00fan d\u00eda lo que hicimos&#8217;.<\/p>\n\n\n\n<p>CUANDO EL DEBER LLAMA<\/p>\n\n\n\n<p>En su primera vez fuera de Cuba, el enfermero intensivista Frank Javier Almeda asume hoy, junto a un grupo de colegas, el mayor desaf\u00edo de su carrera profesional, al enfrentar en la denominada zona roja las peores secuelas del virus SARS-Cov-2.<\/p>\n\n\n\n<p>Con humildad y consagraci\u00f3n a la tarea de salvar vidas, el joven de 27 a\u00f1os relata a Prensa Latina su quehacer en la sala de emergencias del Hospital Perif\u00e9rico de Coche, en Caracas, como parte de la octava brigada del contingente Ernesto Guevara.<\/p>\n\n\n\n<p>En la unidad de terapia intensiva, el personal de enfermer\u00eda provee a los pacientes en estado vital completamente deficiente, todos los cuidados indicados por los m\u00e9dicos, por lo tanto, debemos brindar el 100 por ciento de nuestras habilidades, destaca el colaborador cubano.<\/p>\n\n\n\n<p>&#8216;Nuestro compromiso es directamente con los enfermos en estado grave, de mantenerlos a salvo el mayor tiempo posible para conseguir su recuperaci\u00f3n, unido al reto de extremar las medidas de bioseguridad para evitar el contagio&#8217;, precisa Almeda.<\/p>\n\n\n\n<p>Una mezcla de tensi\u00f3n y valor experimenta el enfermero natural de La Habana, quien con siete a\u00f1os en la profesi\u00f3n revela una de sus claves para el \u00e9xito: &#8216;abandonar la mochila de los problemas personales para cargar con los de mis pacientes, y hasta ahora me ha funcionado bien&#8217;.<\/p>\n\n\n\n<p>Almeda trabajaba y cursaba el tercer a\u00f1o de la licenciatura en enfermer\u00eda cuando le propusieron cumplir misi\u00f3n internacionalista en Venezuela y respondi\u00f3 al llamado del deber, aunque la decisi\u00f3n implicaba alejarse de su hijo Lucas, apenas con pocos meses de vida.<\/p>\n\n\n\n<p>&#8216;Alg\u00fan d\u00eda podr\u00e9 contarle a mi peque\u00f1o sobre estos d\u00edas desafiantes en el combate directo a la Covid-19; eso me llena de orgullo porque es una experiencia dura, la m\u00e1s fuerte de mi vida profesional, y agradezco por la confianza depositada en m\u00ed, en medio de esta pandemia&#8217;, manifiesta.<\/p>\n\n\n\n<p>Integrar la brigada Henry Reeve, figura entre las aspiraciones del profesional cubano de la salud, quien desde ni\u00f1o defini\u00f3 su sue\u00f1o de vestir el uniforme blanco de enfermero para sanar y salvar, metas que en la actualidad supera en el d\u00eda a d\u00eda de una sala de terapia intensiva.<\/p>\n\n\n\n<p>arb\/Wup\/drm<\/p>\n\n\n\n<p>*Corresponsal de Prensa Latina en Venezuela<\/p>","protected":false},"excerpt":{"rendered":"<p>Por Dailyn Ruano Mart\u00ednez * Caracas (Prensa Latina) Medio centenar de especialistas cubanos en servicios de emergencias sostienen una batalla por la vida, en una de las instituciones hospitalarias de Caracas dedicada a la atenci\u00f3n al paciente grave por Covid-19.El grupo de galenos de la octava brigada del contingente Ernesto Guevara, constituido para reforzar las [&hellip;]<\/p>\n","protected":false},"author":3,"featured_media":380,"comment_status":"closed","ping_status":"open","sticky":false,"template":"","format":"standard","meta":{"nf_dc_page":"","om_disable_all_campaigns":false,"_uag_custom_page_level_css":"","_monsterinsights_skip_tracking":false,"_monsterinsights_sitenote_active":false,"_monsterinsights_sitenote_note":"","_monsterinsights_sitenote_category":0,"_jetpack_memberships_contains_paid_content":false,"footnotes":""},"categories":[5,3,6],"tags":[],"class_list":["post-378","post","type-post","status-publish","format-standard","has-post-thumbnail","hentry","category-cuba","category-noticias","category-venezuela"],"jetpack_featured_media_url":"https:\/\/i0.wp.com\/fidelidadacuba.org\/wp-content\/uploads\/2020\/08\/0cuba-medicos-brig-venez.jpg?fit=748%2C498&ssl=1","uagb_featured_image_src":{"full":["https:\/\/i0.wp.com\/fidelidadacuba.org\/wp-content\/uploads\/2020\/08\/0cuba-medicos-brig-venez.jpg?fit=748%2C498&ssl=1",748,498,false],"thumbnail":["https:\/\/i0.wp.com\/fidelidadacuba.org\/wp-content\/uploads\/2020\/08\/0cuba-medicos-brig-venez.jpg?resize=150%2C150&ssl=1",150,150,true],"medium":["https:\/\/i0.wp.com\/fidelidadacuba.org\/wp-content\/uploads\/2020\/08\/0cuba-medicos-brig-venez.jpg?fit=300%2C200&ssl=1",300,200,true],"medium_large":["https:\/\/i0.wp.com\/fidelidadacuba.org\/wp-content\/uploads\/2020\/08\/0cuba-medicos-brig-venez.jpg?fit=640%2C426&ssl=1",640,426,true],"large":["https:\/\/i0.wp.com\/fidelidadacuba.org\/wp-content\/uploads\/2020\/08\/0cuba-medicos-brig-venez.jpg?fit=640%2C426&ssl=1",640,426,true],"gs-square-thumb":["https:\/\/i0.wp.com\/fidelidadacuba.org\/wp-content\/uploads\/2020\/08\/0cuba-medicos-brig-venez.jpg?resize=420%2C420&ssl=1",420,420,true],"400x600":["https:\/\/i0.wp.com\/fidelidadacuba.org\/wp-content\/uploads\/2020\/08\/0cuba-medicos-brig-venez.jpg?resize=400%2C498&ssl=1",400,498,true],"250x375":["https:\/\/i0.wp.com\/fidelidadacuba.org\/wp-content\/uploads\/2020\/08\/0cuba-medicos-brig-venez.jpg?resize=250%2C375&ssl=1",250,375,true],"1536x1536":["https:\/\/i0.wp.com\/fidelidadacuba.org\/wp-content\/uploads\/2020\/08\/0cuba-medicos-brig-venez.jpg?fit=748%2C498&ssl=1",748,498,true],"2048x2048":["https:\/\/i0.wp.com\/fidelidadacuba.org\/wp-content\/uploads\/2020\/08\/0cuba-medicos-brig-venez.jpg?fit=748%2C498&ssl=1",748,498,true],"trp-custom-language-flag":["https:\/\/i0.wp.com\/fidelidadacuba.org\/wp-content\/uploads\/2020\/08\/0cuba-medicos-brig-venez.jpg?fit=18%2C12&ssl=1",18,12,true],"power-magazine-slider":["https:\/\/i0.wp.com\/fidelidadacuba.org\/wp-content\/uploads\/2020\/08\/0cuba-medicos-brig-venez.jpg?resize=748%2C498&ssl=1",748,498,true],"power-magazine-mixed":["https:\/\/i0.wp.com\/fidelidadacuba.org\/wp-content\/uploads\/2020\/08\/0cuba-medicos-brig-venez.jpg?resize=194%2C194&ssl=1",194,194,true],"power-magazine-mixed-large":["https:\/\/i0.wp.com\/fidelidadacuba.org\/wp-content\/uploads\/2020\/08\/0cuba-medicos-brig-venez.jpg?resize=360%2C212&ssl=1",360,212,true],"power-magazine-masonry-large":["https:\/\/i0.wp.com\/fidelidadacuba.org\/wp-content\/uploads\/2020\/08\/0cuba-medicos-brig-venez.jpg?resize=360%2C440&ssl=1",360,440,true],"rpwe-thumbnail":["https:\/\/fidelidadacuba.org\/wp-content\/uploads\/2020\/08\/0cuba-medicos-brig-venez.jpg",45,30,false]},"uagb_author_info":{"display_name":"Yhonny Garc\u00eca Calles","author_link":"https:\/\/fidelidadacuba.org\/en\/author\/yhonnyg\/"},"uagb_comment_info":0,"uagb_excerpt":"Por Dailyn Ruano Mart\u00ednez * Caracas (Prensa Latina) Medio centenar de especialistas cubanos en servicios de emergencias sostienen una batalla por la vida, en una de las instituciones hospitalarias de Caracas dedicada a la atenci\u00f3n al paciente grave por Covid-19.El grupo de galenos de la octava brigada del contingente Ernesto Guevara, constituido para reforzar las&hellip;","jetpack_sharing_enabled":true,"_links":{"self":[{"href":"https:\/\/fidelidadacuba.org\/en\/wp-json\/wp\/v2\/posts\/378","targetHints":{"allow":["GET"]}}],"collection":[{"href":"https:\/\/fidelidadacuba.org\/en\/wp-json\/wp\/v2\/posts"}],"about":[{"href":"https:\/\/fidelidadacuba.org\/en\/wp-json\/wp\/v2\/types\/post"}],"author":[{"embeddable":true,"href":"https:\/\/fidelidadacuba.org\/en\/wp-json\/wp\/v2\/users\/3"}],"replies":[{"embeddable":true,"href":"https:\/\/fidelidadacuba.org\/en\/wp-json\/wp\/v2\/comments?post=378"}],"version-history":[{"count":1,"href":"https:\/\/fidelidadacuba.org\/en\/wp-json\/wp\/v2\/posts\/378\/revisions"}],"predecessor-version":[{"id":379,"href":"https:\/\/fidelidadacuba.org\/en\/wp-json\/wp\/v2\/posts\/378\/revisions\/379"}],"wp:featuredmedia":[{"embeddable":true,"href":"https:\/\/fidelidadacuba.org\/en\/wp-json\/wp\/v2\/media\/380"}],"wp:attachment":[{"href":"https:\/\/fidelidadacuba.org\/en\/wp-json\/wp\/v2\/media?parent=378"}],"wp:term":[{"taxonomy":"category","embeddable":true,"href":"https:\/\/fidelidadacuba.org\/en\/wp-json\/wp\/v2\/categories?post=378"},{"taxonomy":"post_tag","embeddable":true,"href":"https:\/\/fidelidadacuba.org\/en\/wp-json\/wp\/v2\/tags?post=378"}],"curies":[{"name":"wp","href":"https:\/\/api.w.org\/{rel}","templated":true}]}}