{"id":375,"date":"2020-08-14T17:38:42","date_gmt":"2020-08-14T17:38:42","guid":{"rendered":"https:\/\/fidelidadacuba.org\/?p=375"},"modified":"2020-08-14T17:38:52","modified_gmt":"2020-08-14T17:38:52","slug":"cincuenta-anos-de-elpidio-a-galope-con-el-pillo-maniguero-fotos","status":"publish","type":"post","link":"https:\/\/fidelidadacuba.org\/en\/cincuenta-anos-de-elpidio-a-galope-con-el-pillo-maniguero-fotos\/","title":{"rendered":"Cincuenta a\u00f1os de Elpidio: A galope con el pillo manig\u00fcero (+fotos)"},"content":{"rendered":"<p><strong>A Elpidio Vald\u00e9s lo conoc\u00ed en el patio trasero de mi edificio en la naciente comunidad de La Sierpe.<\/strong>&nbsp;Cuando ven\u00eda el llamado cine m\u00f3vil desde Sancti Sp\u00edritus, justo en la espalda de mi apartamento, colgaban la pantalla en blanco, donde despu\u00e9s cobraban vida el pillo manig\u00fcero, el bigotudo Resoples\u2026<\/p>\n\n\n\n<p>Y mientras que al comp\u00e1s de la canci\u00f3n de Silvio Rodr\u00edguez todo el mundo recog\u00eda sillas y taburetes en retirada, me quedaba embobecido,&nbsp;<strong>sentado sobre un cubo, leyendo los cr\u00e9ditos del animado, que cerraban con el de Juan Padr\u00f3n Blanco<\/strong>. Pero, deben imaginar que por la cabeza no me pasaba qu\u00e9 significaba la susodicha relaci\u00f3n de nombres. Transcurr\u00eda 1974.<\/p>\n\n\n\n<p>A partir de ah\u00ed, los muchachos de los cuatro o cinco edificios con que contaba el poblado nos invent\u00e1bamos los Palmiche, y empez\u00e1bamos a repetir las pintorescas frases que salpicaban la trama entre mambises y espa\u00f1oles. Germinaba as\u00ed entre ni\u00f1os y adultos la devoci\u00f3n por ese personaje, que nos ancl\u00f3 m\u00e1s a esta isla, sin apelar a didactismos altisonantes, gracias a la feraz imaginaci\u00f3n de&nbsp;<strong>Juan Padr\u00f3n, Premio Nacional de Cine (2008),<\/strong>&nbsp;nacido el 29 de enero de 1947 en el valle de Guacamaro, Matanzas.<\/p>\n\n\n\n<p>La pasi\u00f3n por este arte debe ser \u2014coment\u00f3 al recibir el premio\u2014 \u201cel placer de hacerle creer a la gente que lo que ven en la pantalla es verdad. Nosotros lo padecimos desde nuestra m\u00e1s tierna infancia y nos atac\u00f3 con ferocidad\u201d.<\/p>\n\n\n\n<p>Viv\u00eda y despertaba por esa \u00e9poca, a finales de los a\u00f1os 50 de la centuria pasada, con los pitazos del antiguo central Carolina (luego Granma), en Coliseo, donde cre\u00f3 lo que nombraron la Troya Sono Films, junto a su hermano Ernesto y su primo Jorge Pucheaux.<\/p>\n\n\n\n<blockquote class=\"wp-block-quote is-layout-flow wp-block-quote-is-layout-flow\"><p>\u201cAlimentados por las historietas y las series de televisi\u00f3n, no par\u00e1bamos de hacer pel\u00edculas (silentes) polic\u00edacas, de guerra y de ciencia ficci\u00f3n con una c\u00e1mara de 8 mil\u00edmetros Kodak Brownie (\u2026). Eran el asombro del p\u00fablico \u2015nuestros padres y abuelos\u2015\u201d.<\/p><\/blockquote>\n\n\n\n<p>Los amiguitos del batey eran los artistas y extras de las filmaciones (historias de indios y vaqueros; del capit\u00e1n Rayo\u2026), reveladoras de las inquietudes art\u00edsticas casi innatas de Juan Padr\u00f3n, que rebasaron, a la postre, la creaci\u00f3n de Elpidio Vald\u00e9s.<\/p>\n\n\n\n<p>Esa capacidad innovadora y de aprendizaje hall\u00f3 asideros y desencuentros, indistintamente, en las diferentes publicaciones a las cuales se vincul\u00f3 (Mella, Juventud Rebelde, Pionero), la Secci\u00f3n F\u00edlmica de las Fuerzas Armadas Revolucionarias, Secci\u00f3n de Producciones F\u00edlmicas del Instituto Cubano de Radiodifusi\u00f3n y en el Instituto Cubano del Arte y la Industria Cinematogr\u00e1ficos (Icaic).<\/p>\n\n\n\n<h2 class=\"wp-block-heading\">El nacimiento de un s\u00edmbolo<\/h2>\n\n\n\n<p>Elpidio Vald\u00e9s naci\u00f3 en agosto de 1970 en medio de la historieta Kashibashi, protagonizada por un samur\u00e1i, publicada en la revista Pionero. Lo llam\u00f3 as\u00ed para que sonara a Cecilia Vald\u00e9s.<strong>&nbsp;\u201cLo dibuj\u00e9 a la primera; no era un personaje estudiado \u2014dijo a Juventud Rebelde\u2014. Lo puse para que hiciera unos chistes; pero me gust\u00f3 tanto que no continu\u00e9 con esa historieta, e inici\u00e9 otra donde \u00e9l sal\u00eda como protagonista y Kashibashi como secundario<\/strong>\u201d. La trama ocurr\u00eda en Jap\u00f3n; all\u00ed iba a destruir un arma secreta espa\u00f1ola.<\/p>\n\n\n\n<p>Sobrevendr\u00eda otra historieta; pero el insurrecto volv\u00eda a cumplir una misi\u00f3n fuera de Cuba; viajaba a Estados Unidos para comprar armamento. Y la raz\u00f3n la explic\u00f3 el propio creador: no sab\u00eda dibujar ni al Ej\u00e9rcito Libertador y, mucho menos, al espa\u00f1ol (grados, armas, uniformes\u2026). Machete en mano, Elpidio Vald\u00e9s empez\u00f3 a galopar con Palmiche por la manigua cubana solo despu\u00e9s de que Juan Padr\u00f3n, fallecido el 24 de marzo \u00faltimo, realizara una minuciosa indagaci\u00f3n hist\u00f3rico-militar.<\/p>\n\n\n\n<p>Desde las p\u00e1ginas de Pionero, el mamb\u00ed salt\u00f3 a la pantalla grande en 1974 en una serie de cortos. En 1979, se estrena Elpidio Vald\u00e9s, el primer largometraje animado de ficci\u00f3n concebido en Cuba; propuesta que encontr\u00f3 \u2014al igual que Elpidio Vald\u00e9s contra d\u00f3lar y ca\u00f1\u00f3n (1983)\u2014&nbsp;<strong>\u201cuna c\u00e1lida recepci\u00f3n de cr\u00edtica y p\u00fablico por su muy bien estructurado guion, salpimentado con abundantes dosis de chispeante humor criollo y un ritmo din\u00e1mico\u201d<\/strong>, ha comentado el cr\u00edtico e investigador Luciano Castillo.<\/p>\n\n\n\n<div class=\"wp-block-image\"><figure class=\"aligncenter\"><img data-recalc-dims=\"1\" decoding=\"async\" src=\"https:\/\/i0.wp.com\/media.cubadebate.cu\/wp-content\/uploads\/2020\/08\/juan-padr%C3%B3n-Brady-Izquierdo.jpg?w=640\" alt=\"\" class=\"wp-image-1409075\"\/><\/figure><\/div>\n\n\n\n<p><br>De la serie televisiva M\u00e1s se perdi\u00f3 en Cuba (1995), coproducci\u00f3n del Icaic con la firma espa\u00f1ola ISKRA, surge Elpidio Vald\u00e9s: contra el \u00e1guila y el le\u00f3n, donde se observan se\u00f1ales de \u201cagotamiento y un humor menos efectivo al dejar de ser los espa\u00f1oles el blanco de sus bromas\u201d, hizo notar el tambi\u00e9n director de la Cinemateca de Cuba.<\/p>\n\n\n\n<p>No obstante, ello no le resta m\u00e9ritos a su creador, quien leg\u00f3&nbsp;<strong>un h\u00e9roe criollo, cuban\u00edsimo como la ceiba, desinhibido, corajudo y p\u00edcaro,<\/strong>&nbsp;que rompe los arquetipos, por regla dotados de poderes especiales; s\u00edmbolo del alma rebelde de este archipi\u00e9lago.<\/p>\n\n\n\n<p>\u201cEntre las sabidur\u00edas que nos entrega Juan Padr\u00f3n \u2014escribi\u00f3 Reynaldo Gonz\u00e1lez, Premio Nacional de Literatura\u2014 est\u00e1 una asimilada manera de educar sobre asuntos patri\u00f3ticos sin acogerse a una altisonancia de arenga, que por repetida termina banalizando los mensajes m\u00e1s significativos\u201d.<\/p>\n\n\n\n<p>En fin,&nbsp;<strong>con Elpidio Vald\u00e9s, Padr\u00f3n ide\u00f3 \u201cun \u00edcono de la cultura cubana\u201d,<\/strong>&nbsp;al decir del ya fallecido director de cine y de televisi\u00f3n, Miguel Torres, autor del documental Hasta la pr\u00f3xima aventura, que recorre el itinerario art\u00edstico del matancero, quien dej\u00f3 para la posterioridad otro cl\u00e1sico del cine cubano, Vampiros en La Habana.<\/p>\n\n\n\n<h2 class=\"wp-block-heading\">Vampiros en el tr\u00f3pico<\/h2>\n\n\n\n<p>Juan Padr\u00f3n se sinti\u00f3 una vez como Steven Spielberg; sucedi\u00f3 cuando cientos de estudiantes, amantes de la pel\u00edcula Vampiros en La Habana, lo recibieron en Valpara\u00edso, Chile, confes\u00f3 cierta vez. Aquellos aplausos torrenciales le vinieron como aire puro al hombre de mostacho imperturbable y de ojos avispados, pero discretos.&nbsp;<strong>Al finalizar Vampiros\u2026, los \u201cexpertos\u201d \u2014asegur\u00f3\u2014 le recriminaron porque la pel\u00edcula era muy vern\u00e1cula, confusa y ruidosa, y no era lo que esperaban de \u00e9l.<\/strong><\/p>\n\n\n\n<p>En julio de 1985 el largometraje no tuvo ni premier ni conferencia de prensa para anunciarlo. Sin embargo, la depresi\u00f3n de su autor por tanto prejuicio cedi\u00f3: Vampiros\u2026 impuso r\u00e9cord de taquilla para una semana en ese tiempo y se convirti\u00f3 en una pel\u00edcula de culto, que destila choteo por los cuatro costados.<\/p>\n\n\n\n<p>El colega Rolando P\u00e9rez Betancourt la calific\u00f3 como \u201ctodo un acontecimiento, por cuanto fue capaz de aunar humor y pol\u00edtica en una historia que se disfrutaba en medio de un mar de risas; s\u00e1tira anticapitalista ambientada en medio de la corrupci\u00f3n de los a\u00f1os 30 y que enfrentaba a vampiros cubanos, estadounidenses y europeos\u201d.<\/p>\n\n\n\n<p>Comparada con cl\u00e1sicos como&nbsp;<strong>Yellow Submarine y Fritz the Cat,<\/strong>&nbsp;este animado para adultos encontr\u00f3 el favor de la cr\u00edtica especializada de Estados Unidos, que ponder\u00f3 la t\u00e9cnica de dibujo de Padr\u00f3n, al punto de confrontarla con la del m\u00edtico animador Tex Avery, comentarios recopilados por Luciano Castillo.<\/p>\n\n\n\n<p>\u201cPadr\u00f3n mantiene su pulposa trama sat\u00edrica (\u2026) como The Lost Boys, movi\u00e9ndose a un vigoroso ritmo de comedia de porrazos\u201d (Daily News). \u201cUna pel\u00edcula que tiene de todo: humor, creaci\u00f3n art\u00edstica, una m\u00fasica grandiosa y una direcci\u00f3n muy creadora\u201d (The New York City Tribune).<\/p>\n\n\n\n<div class=\"wp-block-image\"><figure class=\"aligncenter\"><img data-recalc-dims=\"1\" height=\"344\" width=\"580\" decoding=\"async\" src=\"https:\/\/i0.wp.com\/media.cubadebate.cu\/wp-content\/uploads\/2020\/08\/Juan-Padr%C3%B3n-Tomada-de-Internet-580x344.jpg?resize=580%2C344\" alt=\"\" class=\"wp-image-1409079\"\/><\/figure><\/div>\n\n\n\n<p>En 2003, Padr\u00f3n trajo de vuelta a esos personajes que lo horrorizaban en sus noches en el batey azucarero, con M\u00e1s vampiros en La Habana, la cual despert\u00f3 criterios divididos ante la l\u00f3gica comparaci\u00f3n con su precedente. La nueva propuesta no satisfizo las expectativas de algunos cin\u00e9filos; para otros, sigui\u00f3 inc\u00f3lume el apreciable poder\u00edo sonoro-visual de la primera y la capacidad imaginativa del artista.<\/p>\n\n\n\n<blockquote class=\"wp-block-quote is-layout-flow wp-block-quote-is-layout-flow\"><p>Ante la disparidad de voces, \u00e9l adujo: \u201cPienso que son bien diferentes. La primera es una comedia costumbrista, y esta es una pel\u00edcula de aventuras. Es una trama m\u00e1s complicada, una mezcla de pel\u00edcula de espionaje y aventuras, rociada con choteo cubano\u201d.<\/p><\/blockquote>\n\n\n\n<p>Para fortuna de la cultura nacional, el cat\u00e1logo del matancero incluye la serie de animados humor\u00edsticos Filminuto, iniciada en 1980, donde conviven vampiros, verdugos, piojos y duendes \u2014censurados en otros tiempos\u2014, capaces de activar la identificaci\u00f3n y la comunicaci\u00f3n con el espectador, hastiado de la vulgaridad y \u00e1vido del discurso sugerente e incisivo.<\/p>\n\n\n\n<p>A mediados de los 80, emprendi\u00f3 la serie Quinoscopios, con dibujos y argumentos del humorista Joaqu\u00edn Lavado (Quino), quien prodig\u00f3 elogios hacia el cubano y su equipo de trabajo y, en consecuencia, aprob\u00f3 la realizaci\u00f3n, por el vers\u00e1til Padr\u00f3n, de un largometraje con Mafalda, hija del talento del argentino.<\/p>\n\n\n\n<p>Cerca de una decena de Corales en el Festival Internacional del Nuevo Cine Latinoamericano,&nbsp;<strong>un Coral de Honor en la edici\u00f3n 35 de ese certamen, Premio Nacional de Humor (2004) y varios lauros ganados en otras latitudes reconocen la maestr\u00eda de este director de cine<\/strong>, con tres pel\u00edculas en la colecci\u00f3n del Museo de Arte Moderno de New York y autor de obras seleccionadas por la Asociaci\u00f3n Internacional de Filmes de Animaci\u00f3n para la gira Lo mejor de la animaci\u00f3n mundial.<\/p>\n\n\n\n<p>As\u00ed, con tantas distinciones a cuestas, nunca imagin\u00e9 verlo, en short y chancletas, conversando en su casa con unos colegas acerca de lo humano y lo divino de su obra toda. A veces sonre\u00eda; otras, el rostro se le volv\u00eda medio adusto, sobre todo cuando hablaba de los demonios que asomaron para abortar un proyecto, una idea suya. Hablaba con hidalgu\u00eda, sin resquemores.<\/p>\n\n\n\n<p>De alg\u00fan modo, me recordaba al pillo manig\u00fcero, nacido en Cundiamor de Vereda Baja, que conoc\u00ed en el traspatio de mi edificio en La Sierpe. En aquel entrevistado, regordete y bonach\u00f3n,&nbsp;<strong>ve\u00eda el esp\u00edritu del jovenzuelo que bland\u00eda machete a diestra y siniestra, sobre el lomo de Palmiche<\/strong>, para desterrar todo lo que oliera a coloniaje en Tocororo Macho.<\/p>\n\n\n\n<p><strong>(Tomado de&nbsp;<a href=\"http:\/\/escambray.cu\/2020\/hasta-la-vista-compay\/\" target=\"_blank\" rel=\"noreferrer noopener\">Escambray<\/a>)<\/strong><a>https:\/\/www.facebook.com\/v2.6\/plugins\/like.php?action=like&amp;app_id=172525162793917&amp;channel=https%3A%2F%2Fstaticxx.facebook.com%2Fx%2Fconnect%2Fxd_arbiter%2F%3Fversion%3D46%23cb%3Df1ae1330a57a58%26domain%3Dwww.cubadebate.cu%26origin%3Dhttp%253A%252F%252Fwww.cubadebate.cu%252Ff1b5f83ca8e11%26relation%3Dparent.parent&amp;container_width=0&amp;font=arial&amp;height=25&amp;href=http%3A%2F%2Fwww.cubadebate.cu%2Fespeciales%2F2020%2F08%2F14%2Fcincuenta-anos-de-elpidio-a-galope-con-el-pillo-maniguero-fotos%2F&amp;layout=button_count&amp;locale=es_LA&amp;sdk=joey&amp;send=false&amp;share=false&amp;show_faces=false&amp;width=90<\/a><a>https:\/\/platform.twitter.com\/widgets\/tweet_button.3c5aa8e2a38bbbee4b6d88e6846fc657.es.html#dnt=false&amp;id=twitter-widget-1&amp;lang=es&amp;original_referer=http%3A%2F%2Fwww.cubadebate.cu%2Fespeciales%2F2020%2F08%2F14%2Fcincuenta-anos-de-elpidio-a-galope-con-el-pillo-maniguero-fotos%2F%23.Xzas6W5Ki00&amp;size=m&amp;text=Cincuenta%20a%C3%B1os%20de%20Elpidio%3A%20A%20galope%20con%20el%20pillo%20manig%C3%BCero%20(%2Bfotos)&amp;time=1597418732712&amp;type=share&amp;url=http%3A%2F%2Fwww.cubadebate.cu%2Fespeciales%2F2020%2F08%2F14%2Fcincuenta-anos-de-elpidio-a-galope-con-el-pillo-maniguero-fotos%2F%23.Xzas6aPEHcI.twitter<\/a><\/p>","protected":false},"excerpt":{"rendered":"<p>A Elpidio Vald\u00e9s lo conoc\u00ed en el patio trasero de mi edificio en la naciente comunidad de La Sierpe.&nbsp;Cuando ven\u00eda el llamado cine m\u00f3vil desde Sancti Sp\u00edritus, justo en la espalda de mi apartamento, colgaban la pantalla en blanco, donde despu\u00e9s cobraban vida el pillo manig\u00fcero, el bigotudo Resoples\u2026 Y mientras que al comp\u00e1s de [&hellip;]<\/p>\n","protected":false},"author":3,"featured_media":376,"comment_status":"closed","ping_status":"open","sticky":false,"template":"","format":"standard","meta":{"nf_dc_page":"","om_disable_all_campaigns":false,"_uag_custom_page_level_css":"","_monsterinsights_skip_tracking":false,"_monsterinsights_sitenote_active":false,"_monsterinsights_sitenote_note":"","_monsterinsights_sitenote_category":0,"_jetpack_memberships_contains_paid_content":false,"footnotes":""},"categories":[5,3],"tags":[],"class_list":["post-375","post","type-post","status-publish","format-standard","has-post-thumbnail","hentry","category-cuba","category-noticias"],"jetpack_featured_media_url":"https:\/\/i0.wp.com\/fidelidadacuba.org\/wp-content\/uploads\/2020\/08\/0elpidio-valdes-580x420-1.jpg?fit=580%2C420&ssl=1","uagb_featured_image_src":{"full":["https:\/\/i0.wp.com\/fidelidadacuba.org\/wp-content\/uploads\/2020\/08\/0elpidio-valdes-580x420-1.jpg?fit=580%2C420&ssl=1",580,420,false],"thumbnail":["https:\/\/i0.wp.com\/fidelidadacuba.org\/wp-content\/uploads\/2020\/08\/0elpidio-valdes-580x420-1.jpg?resize=150%2C150&ssl=1",150,150,true],"medium":["https:\/\/i0.wp.com\/fidelidadacuba.org\/wp-content\/uploads\/2020\/08\/0elpidio-valdes-580x420-1.jpg?fit=300%2C217&ssl=1",300,217,true],"medium_large":["https:\/\/i0.wp.com\/fidelidadacuba.org\/wp-content\/uploads\/2020\/08\/0elpidio-valdes-580x420-1.jpg?fit=580%2C420&ssl=1",580,420,true],"large":["https:\/\/i0.wp.com\/fidelidadacuba.org\/wp-content\/uploads\/2020\/08\/0elpidio-valdes-580x420-1.jpg?fit=580%2C420&ssl=1",580,420,true],"gs-square-thumb":["https:\/\/i0.wp.com\/fidelidadacuba.org\/wp-content\/uploads\/2020\/08\/0elpidio-valdes-580x420-1.jpg?resize=420%2C420&ssl=1",420,420,true],"400x600":["https:\/\/i0.wp.com\/fidelidadacuba.org\/wp-content\/uploads\/2020\/08\/0elpidio-valdes-580x420-1.jpg?resize=400%2C420&ssl=1",400,420,true],"250x375":["https:\/\/i0.wp.com\/fidelidadacuba.org\/wp-content\/uploads\/2020\/08\/0elpidio-valdes-580x420-1.jpg?resize=250%2C375&ssl=1",250,375,true],"1536x1536":["https:\/\/i0.wp.com\/fidelidadacuba.org\/wp-content\/uploads\/2020\/08\/0elpidio-valdes-580x420-1.jpg?fit=580%2C420&ssl=1",580,420,true],"2048x2048":["https:\/\/i0.wp.com\/fidelidadacuba.org\/wp-content\/uploads\/2020\/08\/0elpidio-valdes-580x420-1.jpg?fit=580%2C420&ssl=1",580,420,true],"trp-custom-language-flag":["https:\/\/i0.wp.com\/fidelidadacuba.org\/wp-content\/uploads\/2020\/08\/0elpidio-valdes-580x420-1.jpg?fit=18%2C12&ssl=1",18,12,true],"power-magazine-slider":["https:\/\/i0.wp.com\/fidelidadacuba.org\/wp-content\/uploads\/2020\/08\/0elpidio-valdes-580x420-1.jpg?resize=580%2C420&ssl=1",580,420,true],"power-magazine-mixed":["https:\/\/i0.wp.com\/fidelidadacuba.org\/wp-content\/uploads\/2020\/08\/0elpidio-valdes-580x420-1.jpg?resize=194%2C194&ssl=1",194,194,true],"power-magazine-mixed-large":["https:\/\/i0.wp.com\/fidelidadacuba.org\/wp-content\/uploads\/2020\/08\/0elpidio-valdes-580x420-1.jpg?resize=360%2C212&ssl=1",360,212,true],"power-magazine-masonry-large":["https:\/\/i0.wp.com\/fidelidadacuba.org\/wp-content\/uploads\/2020\/08\/0elpidio-valdes-580x420-1.jpg?resize=360%2C420&ssl=1",360,420,true],"rpwe-thumbnail":["https:\/\/fidelidadacuba.org\/wp-content\/uploads\/2020\/08\/0elpidio-valdes-580x420-1.jpg",45,33,false]},"uagb_author_info":{"display_name":"Yhonny Garc\u00eca Calles","author_link":"https:\/\/fidelidadacuba.org\/en\/author\/yhonnyg\/"},"uagb_comment_info":0,"uagb_excerpt":"A Elpidio Vald\u00e9s lo conoc\u00ed en el patio trasero de mi edificio en la naciente comunidad de La Sierpe.&nbsp;Cuando ven\u00eda el llamado cine m\u00f3vil desde Sancti Sp\u00edritus, justo en la espalda de mi apartamento, colgaban la pantalla en blanco, donde despu\u00e9s cobraban vida el pillo manig\u00fcero, el bigotudo Resoples\u2026 Y mientras que al comp\u00e1s de&hellip;","jetpack_sharing_enabled":true,"_links":{"self":[{"href":"https:\/\/fidelidadacuba.org\/en\/wp-json\/wp\/v2\/posts\/375","targetHints":{"allow":["GET"]}}],"collection":[{"href":"https:\/\/fidelidadacuba.org\/en\/wp-json\/wp\/v2\/posts"}],"about":[{"href":"https:\/\/fidelidadacuba.org\/en\/wp-json\/wp\/v2\/types\/post"}],"author":[{"embeddable":true,"href":"https:\/\/fidelidadacuba.org\/en\/wp-json\/wp\/v2\/users\/3"}],"replies":[{"embeddable":true,"href":"https:\/\/fidelidadacuba.org\/en\/wp-json\/wp\/v2\/comments?post=375"}],"version-history":[{"count":1,"href":"https:\/\/fidelidadacuba.org\/en\/wp-json\/wp\/v2\/posts\/375\/revisions"}],"predecessor-version":[{"id":377,"href":"https:\/\/fidelidadacuba.org\/en\/wp-json\/wp\/v2\/posts\/375\/revisions\/377"}],"wp:featuredmedia":[{"embeddable":true,"href":"https:\/\/fidelidadacuba.org\/en\/wp-json\/wp\/v2\/media\/376"}],"wp:attachment":[{"href":"https:\/\/fidelidadacuba.org\/en\/wp-json\/wp\/v2\/media?parent=375"}],"wp:term":[{"taxonomy":"category","embeddable":true,"href":"https:\/\/fidelidadacuba.org\/en\/wp-json\/wp\/v2\/categories?post=375"},{"taxonomy":"post_tag","embeddable":true,"href":"https:\/\/fidelidadacuba.org\/en\/wp-json\/wp\/v2\/tags?post=375"}],"curies":[{"name":"wp","href":"https:\/\/api.w.org\/{rel}","templated":true}]}}