{"id":372,"date":"2020-08-14T17:24:00","date_gmt":"2020-08-14T17:24:00","guid":{"rendered":"https:\/\/fidelidadacuba.org\/?p=372"},"modified":"2020-08-14T17:24:13","modified_gmt":"2020-08-14T17:24:13","slug":"fidelvive-la-humanidad-en-su-corazon-solidario","status":"publish","type":"post","link":"https:\/\/fidelidadacuba.org\/en\/fidelvive-la-humanidad-en-su-corazon-solidario\/","title":{"rendered":"#FidelVive, la humanidad en su coraz\u00f3n solidario"},"content":{"rendered":"<p><strong>Cuba, decidida a resistir en los l\u00edmites de la austeridad, para no vivir de rodillas, en cambio no fija l\u00edmites a una vocaci\u00f3n solidaria hecha conciencia y traducida en vidas salvadas, en salud restaurada, sonrisas devueltas e inteligencias arrebatadas a la ignorancia<\/strong>.<\/p>\n\n\n\n<p>En el alma cubana Fidel plant\u00f3 semillas de solidaridad e internacionalismo, las fertiliz\u00f3 con su ejemplo, las hizo germinar y las esparci\u00f3 por el mundo, a contrapelo de asechanzas y tempestades.<\/p>\n\n\n\n<p>Un monstruo irrumpi\u00f3 en la noche habanera a m\u00e1s de 300 km\/h y abri\u00f3 un surco de dolor, desde el Cerro hasta Guanabacoa, cuando enero de 2019 casi se desped\u00eda. Poco despu\u00e9s estaba all\u00ed el Presidente cubano Miguel-D\u00edaz Canel, con una mano extendida y la otra en los hombros de los que quedaron sin casa ni pertenencias. Aquel acto nos devolv\u00eda a Fidel, solidario y desafiante.<\/p>\n\n\n\n<p>Al pie de la tragedia, entre miradas tristes y sue\u00f1os estrujados, la presencia del actual Jefe de Estado cubano en un sitio y momento crucial, como tantas veces lo hizo nuestro l\u00edder hist\u00f3rico \u2013y tambi\u00e9n Ra\u00fal\u2013, en medio de ciclones, accidentes masivos, sequ\u00edas\u2026, fue un flashazo en la oscuridad.<\/p>\n\n\n\n<p>Pujante brot\u00f3 en aquel gesto solidario la humanista lecci\u00f3n del que jam\u00e1s vacil\u00f3 ante peligros ni coyunturas, para brindarle ayuda a sus semejantes.&nbsp;&nbsp;&nbsp;&nbsp;&nbsp;&nbsp;&nbsp;&nbsp;&nbsp;&nbsp;&nbsp;&nbsp;&nbsp;&nbsp;&nbsp;&nbsp;&nbsp;&nbsp;&nbsp;&nbsp;&nbsp;&nbsp;&nbsp;&nbsp;&nbsp;&nbsp;&nbsp;&nbsp;&nbsp;&nbsp;&nbsp;&nbsp;&nbsp;&nbsp;&nbsp;&nbsp;&nbsp;&nbsp;&nbsp;&nbsp;&nbsp;&nbsp;&nbsp;&nbsp;&nbsp;&nbsp;&nbsp;&nbsp;&nbsp;&nbsp;&nbsp;&nbsp;&nbsp;&nbsp;&nbsp;&nbsp;&nbsp;&nbsp;&nbsp;&nbsp;&nbsp;&nbsp;&nbsp;&nbsp;&nbsp;&nbsp;&nbsp;&nbsp;&nbsp;&nbsp;&nbsp;&nbsp;&nbsp;&nbsp;&nbsp;&nbsp;&nbsp;&nbsp;&nbsp;&nbsp;&nbsp;&nbsp;&nbsp;&nbsp;&nbsp;&nbsp;&nbsp;&nbsp;&nbsp;&nbsp; Cuba, decidida a resistir en los l\u00edmites de la austeridad, para no vivir de rodillas, en cambio no fija l\u00edmites a una vocaci\u00f3n solidaria hecha conciencia y traducida en vidas salvadas, en salud restaurada, sonrisas devueltas e inteligencias arrebatadas a la ignorancia.<\/p>\n\n\n\n<p>En el alma cubana sembr\u00f3 el Comandante en Jefe una semilla de solidaridad e internacionalismo, que mucho antes le hab\u00eda nacido a \u00e9l, y acaso lo inmuniz\u00f3 contra el ego\u00edsmo. Fidel la fertiliz\u00f3 con su ejemplo, la hizo germinar en jornadas de insomnio, en incontables gestos y dis\u00edmiles escenarios, dentro y fuera del pa\u00eds; la esparci\u00f3 por el mundo a contrapelo de asechanzas y tempestades.<\/p>\n\n\n\n<p><strong>TODO EMPEZ\u00d3 CUANDO NI\u00d1O<\/strong><\/p>\n\n\n\n<p>Bir\u00e1n, a\u00f1os 30; camino real. El polvo asfixia en \u00e9pocas de sequ\u00eda; si llueve, el fango se traga los pies descalzos, fr\u00e1giles, inocentes, que van de las manos de sus padres y, con suerte, encima de un carret\u00f3n.<\/p>\n\n\n\n<p>Esas estampas oprimen el pecho de otro peque\u00f1o que desde un portal confortable los ve pasar, \u00abcon shorsitos ripiados, un sombrerito de yarey y el abdomen lleno de par\u00e1sitos\u00bb.<\/p>\n\n\n\n<p>El ni\u00f1o de Bir\u00e1n es entonces demasiado peque\u00f1o. No comprende que ante sus ojos desfile la triste realidad de su Isla; peor a\u00fan, la de un planeta ego\u00edsta, enfermo de inequidad e injusticias.<\/p>\n\n\n\n<p>No imagina ese ni\u00f1o, que casi medio siglo despu\u00e9s (en 1979), ya convertido en&nbsp; l\u00edder internacional prominente, su voz ser\u00e1 de los oprimidos, y sus preguntas apuntar\u00e1n a la conciencia de un organismo internacional que ha de llamarse la Organizaci\u00f3n de las Naciones Unidas (onu).<\/p>\n\n\n\n<p>\u00ab\u00bfPor qu\u00e9 unos pueblos han de andar descalzos para que otros viajen en lujosos autom\u00f3viles?, \u00bfpor qu\u00e9 unos han de vivir 35 a\u00f1os para que otros vivan 70?, \u00bfpor qu\u00e9 unos han de ser m\u00edseramente pobres para que otros sean exageradamente ricos?\u00bb.<\/p>\n\n\n\n<p>\u00abUnos poseen, en fin, abundantes recursos, otros no poseen nada; \u00bfcu\u00e1l es el destino de estos?, \u00bfmorirse de hambre?, \u00bfser eternamente pobres? \u00bfPara qu\u00e9 sirve entonces la civilizaci\u00f3n?, \u00bfpara qu\u00e9 sirve la conciencia del hombre?, \u00bfpara qu\u00e9 sirven las Naciones Unidas?\u00bb.<\/p>\n\n\n\n<p>Tampoco el ni\u00f1o de Bir\u00e1n sospecha que su voz \u2013la de los descalzos\u2013 har\u00e1 vibrar al neoyorquino recinto: \u00abhablo en nombre de los ni\u00f1os que en el mundo no tienen un pedazo de pan; de los enfermos que no tienen medicinas; hablo en nombre de aquellos a los que se les ha negado el derecho a la vida y la dignidad humanas\u2026 millones de seres humanos mueren cada a\u00f1o de hambre o enfermedades curables en todo el mundo\u00bb.<\/p>\n\n\n\n<p>\u00abAlgunos quisieran resolver el tr\u00e1gico problema de la humanidad con dr\u00e1sticas medidas para reducir la poblaci\u00f3n. Recuerdan que la guerra y las epidemias ayudaron a reducirla en otras \u00e9pocas\u00bb.<\/p>\n\n\n\n<p><strong>*****<\/strong><\/p>\n\n\n\n<p>\u00ab\u00bfVivir\u00e1n esos ni\u00f1os?, \u00bfllegaron a ser hombres y mujeres?, \u00bfqu\u00e9 les habr\u00e1 deparado el destino?, se pregunt\u00f3 alguna vez el nacido en Bir\u00e1n; \u00abaquellos ni\u00f1os ven\u00edan de la desgracia para entrar a la otra. Eran familias n\u00f3madas que viv\u00edan as\u00ed, de una zafra en otra\u00bb.<\/p>\n\n\n\n<p>Bir\u00e1n plant\u00f3 semillas de humanidad en Fidel; \u00abel hombre tambi\u00e9n es hijo de las circunstancias\u00bb, le coment\u00f3 el l\u00edder cubano al intelectual Ignacio Ramonet: \u00ablos problemas lo van labrando como un torno labra un pedazo de material. Yo me convert\u00ed en revolucionario partiendo de la situaci\u00f3n de la zona donde nac\u00ed, en pleno campo, en un latifundio\u00bb.<\/p>\n\n\n\n<p><strong>DE PATRIA Y DE HUMANIDAD<\/strong><\/p>\n\n\n\n<p>Cayo Confite; a\u00f1o 1947. Ya las ideas de Jos\u00e9 Mart\u00ed han proyectado a otra dimensi\u00f3n la semilla de solidaridad sembrada en el pecho del ni\u00f1o de Bir\u00e1n. Su intento de involucrarse en la expedici\u00f3n \u2013a la postre abortada\u2013 contra la dictadura trujillista y en favor del pueblo dominicano, muestran a un Fidel cuyas inquietudes revolucionarias desbordan las fronteras de su pa\u00eds.<\/p>\n\n\n\n<p>La arremetida contra el cuartel Moncada \u2013tama\u00f1a osad\u00eda; acto supremo de solidaridad con su pueblo\u2013 lo condujo ante el tribunal. Fidel entonces profetiz\u00f3 que esta Isla derramar\u00eda solidaridad: \u00ablos perseguidos de las sangrientas tiran\u00edas que oprimen a las naciones hermanas encontrar\u00edan en la patria de Mart\u00ed, asilo generoso, hermandad y pan\u00bb. Temprana revelaci\u00f3n: la lucha se vislumbraba cargada de \u00absue\u00f1os de justicia para Cuba y para el mundo\u00bb.<\/p>\n\n\n\n<p>Fidel nos abri\u00f3 los ojos, nos hizo ver en el internacionalismo una manera de retribuir lo que nos dieron otros: \u00aben nuestras luchas independentistas, hombres de muy diversos pa\u00edses combatieron junto a nosotros (\u2026) ser<\/p>\n\n\n\n<p>internacionalistas es saldar nuestra propia deuda con la humanidad (\u2026) La liberaci\u00f3n, el progreso y la paz de la Patria est\u00e1n indisolublemente unidos en nuestra concepci\u00f3n, a la liberaci\u00f3n, el progreso y la paz de toda la humanidad\u00bb.<\/p>\n\n\n\n<p>El internacionalismo fue tambi\u00e9n una estrategia del Comandante: \u00abtodav\u00eda no se ha hallado la soluci\u00f3n global de los problemas de la humanidad. Tales problemas no tienen soluci\u00f3n sobre bases nacionales, porque hoy m\u00e1s que nunca la dominaci\u00f3n se lleva a cabo sobre bases globales: la llamada globalizaci\u00f3n neoliberal, apoyada en el poder del imperio y sus aliados\u00bb.<\/p>\n\n\n\n<p>La labor internacionalista de Fidel responde a esa cosmovisi\u00f3n. Su estrategia enfoc\u00f3 los problemas del Tercer Mundo y la necesidad de resolverlos unidos, para superar las zancadillas imperial-olig\u00e1rquicas, dispuestas siempre a plantarles obst\u00e1culos al desarrollo de las naciones peque\u00f1as.<\/p>\n\n\n\n<p>Sangre, sudor y talento cubanos abonaron ese combate, que inici\u00f3 en un desierto argelino, se extendi\u00f3 por las selvas de Angola, Bolivia, Etiop\u00eda, y desbord\u00f3 la metralla, para llevar salud y saber a otros rincones del mundo, de las manos de cientos de miles de m\u00e9dicos y maestros cubanos.<\/p>\n\n\n\n<p>De esa batalla son fruto las decenas de miles de j\u00f3venes de naciones subdesarrolladas, formados como profesionales en universidades cubanas. A ella obedecen tambi\u00e9n las peleas que lider\u00f3 Fidel en cuanto foro internacional escuch\u00f3 su voz, contra la deuda externa del Tercer Mundo, el dominio neocolonial y todo g\u00e9nero de injusticia.<\/p>\n\n\n\n<p>Palestina, Vietnam, Namibia, los enfermos de Chernobil, las v\u00edctimas de terremotos en \u00c1frica, Hait\u00ed, y Pakist\u00e1n, entre otros. Los pueblos conocen del altruismo cubano.<\/p>\n\n\n\n<p>Humanista obra impulsada por un volc\u00e1n solidario que lanz\u00f3 sus primeras llamas en Bir\u00e1n, el d\u00eda que aquel ni\u00f1o regres\u00f3 a su hogar sin zapatos, porque le hab\u00eda regalado los suyos a un amigo pobre. D\u00e9cadas despu\u00e9s, el que don\u00f3 sus zapatos encabezaba a<\/p>\n\n\n\n<p>150 000 compatriotas donantes de sangre para las v\u00edctimas de otro desastre natural, este vez en Per\u00fa (1970), donde Cuba levant\u00f3 cinco hospitales de campa\u00f1a y envi\u00f3 decenas de m\u00e9dicos.<\/p>\n\n\n\n<p><strong>*****<\/strong><\/p>\n\n\n\n<p>La Habana, a\u00f1o 2020. Los \u00e1ngeles de la vida, tras exponer las suyas en otras tierras para salvar, regresan a la Patria; el Presidente cubano Miguel D\u00edaz-Canel los recibe orgulloso; y vuelve, \u00abinsurgente m\u00edtico\u00bb, Fidel, nuestro Fidel, con \u00absu ambici\u00f3n mil veces repetida\u00bb, seg\u00fan Ramonet: \u00absembrar salud y saber; medicina y educaci\u00f3n por todo el planeta. No en vano su h\u00e9roe favorito en literatura es Don Quijote\u00bb.<\/p>","protected":false},"excerpt":{"rendered":"<p>Cuba, decidida a resistir en los l\u00edmites de la austeridad, para no vivir de rodillas, en cambio no fija l\u00edmites a una vocaci\u00f3n solidaria hecha conciencia y traducida en vidas salvadas, en salud restaurada, sonrisas devueltas e inteligencias arrebatadas a la ignorancia. En el alma cubana Fidel plant\u00f3 semillas de solidaridad e internacionalismo, las fertiliz\u00f3 [&hellip;]<\/p>\n","protected":false},"author":3,"featured_media":373,"comment_status":"closed","ping_status":"open","sticky":false,"template":"","format":"standard","meta":{"nf_dc_page":"","om_disable_all_campaigns":false,"_uag_custom_page_level_css":"","_monsterinsights_skip_tracking":false,"_monsterinsights_sitenote_active":false,"_monsterinsights_sitenote_note":"","_monsterinsights_sitenote_category":0,"_jetpack_memberships_contains_paid_content":false,"footnotes":""},"categories":[5,3,6],"tags":[],"class_list":["post-372","post","type-post","status-publish","format-standard","has-post-thumbnail","hentry","category-cuba","category-noticias","category-venezuela"],"jetpack_featured_media_url":"https:\/\/i0.wp.com\/fidelidadacuba.org\/wp-content\/uploads\/2020\/08\/fidel-y-contingente-henry-reeve.jpg?fit=600%2C446&ssl=1","uagb_featured_image_src":{"full":["https:\/\/i0.wp.com\/fidelidadacuba.org\/wp-content\/uploads\/2020\/08\/fidel-y-contingente-henry-reeve.jpg?fit=600%2C446&ssl=1",600,446,false],"thumbnail":["https:\/\/i0.wp.com\/fidelidadacuba.org\/wp-content\/uploads\/2020\/08\/fidel-y-contingente-henry-reeve.jpg?resize=150%2C150&ssl=1",150,150,true],"medium":["https:\/\/i0.wp.com\/fidelidadacuba.org\/wp-content\/uploads\/2020\/08\/fidel-y-contingente-henry-reeve.jpg?fit=300%2C223&ssl=1",300,223,true],"medium_large":["https:\/\/i0.wp.com\/fidelidadacuba.org\/wp-content\/uploads\/2020\/08\/fidel-y-contingente-henry-reeve.jpg?fit=600%2C446&ssl=1",600,446,true],"large":["https:\/\/i0.wp.com\/fidelidadacuba.org\/wp-content\/uploads\/2020\/08\/fidel-y-contingente-henry-reeve.jpg?fit=600%2C446&ssl=1",600,446,true],"gs-square-thumb":["https:\/\/i0.wp.com\/fidelidadacuba.org\/wp-content\/uploads\/2020\/08\/fidel-y-contingente-henry-reeve.jpg?resize=420%2C420&ssl=1",420,420,true],"400x600":["https:\/\/i0.wp.com\/fidelidadacuba.org\/wp-content\/uploads\/2020\/08\/fidel-y-contingente-henry-reeve.jpg?resize=400%2C446&ssl=1",400,446,true],"250x375":["https:\/\/i0.wp.com\/fidelidadacuba.org\/wp-content\/uploads\/2020\/08\/fidel-y-contingente-henry-reeve.jpg?resize=250%2C375&ssl=1",250,375,true],"1536x1536":["https:\/\/i0.wp.com\/fidelidadacuba.org\/wp-content\/uploads\/2020\/08\/fidel-y-contingente-henry-reeve.jpg?fit=600%2C446&ssl=1",600,446,true],"2048x2048":["https:\/\/i0.wp.com\/fidelidadacuba.org\/wp-content\/uploads\/2020\/08\/fidel-y-contingente-henry-reeve.jpg?fit=600%2C446&ssl=1",600,446,true],"trp-custom-language-flag":["https:\/\/i0.wp.com\/fidelidadacuba.org\/wp-content\/uploads\/2020\/08\/fidel-y-contingente-henry-reeve.jpg?fit=16%2C12&ssl=1",16,12,true],"power-magazine-slider":["https:\/\/i0.wp.com\/fidelidadacuba.org\/wp-content\/uploads\/2020\/08\/fidel-y-contingente-henry-reeve.jpg?resize=600%2C446&ssl=1",600,446,true],"power-magazine-mixed":["https:\/\/i0.wp.com\/fidelidadacuba.org\/wp-content\/uploads\/2020\/08\/fidel-y-contingente-henry-reeve.jpg?resize=194%2C194&ssl=1",194,194,true],"power-magazine-mixed-large":["https:\/\/i0.wp.com\/fidelidadacuba.org\/wp-content\/uploads\/2020\/08\/fidel-y-contingente-henry-reeve.jpg?resize=360%2C212&ssl=1",360,212,true],"power-magazine-masonry-large":["https:\/\/i0.wp.com\/fidelidadacuba.org\/wp-content\/uploads\/2020\/08\/fidel-y-contingente-henry-reeve.jpg?resize=360%2C440&ssl=1",360,440,true],"rpwe-thumbnail":["https:\/\/fidelidadacuba.org\/wp-content\/uploads\/2020\/08\/fidel-y-contingente-henry-reeve.jpg",45,33,false]},"uagb_author_info":{"display_name":"Yhonny Garc\u00eca Calles","author_link":"https:\/\/fidelidadacuba.org\/en\/author\/yhonnyg\/"},"uagb_comment_info":0,"uagb_excerpt":"Cuba, decidida a resistir en los l\u00edmites de la austeridad, para no vivir de rodillas, en cambio no fija l\u00edmites a una vocaci\u00f3n solidaria hecha conciencia y traducida en vidas salvadas, en salud restaurada, sonrisas devueltas e inteligencias arrebatadas a la ignorancia. En el alma cubana Fidel plant\u00f3 semillas de solidaridad e internacionalismo, las fertiliz\u00f3&hellip;","jetpack_sharing_enabled":true,"_links":{"self":[{"href":"https:\/\/fidelidadacuba.org\/en\/wp-json\/wp\/v2\/posts\/372","targetHints":{"allow":["GET"]}}],"collection":[{"href":"https:\/\/fidelidadacuba.org\/en\/wp-json\/wp\/v2\/posts"}],"about":[{"href":"https:\/\/fidelidadacuba.org\/en\/wp-json\/wp\/v2\/types\/post"}],"author":[{"embeddable":true,"href":"https:\/\/fidelidadacuba.org\/en\/wp-json\/wp\/v2\/users\/3"}],"replies":[{"embeddable":true,"href":"https:\/\/fidelidadacuba.org\/en\/wp-json\/wp\/v2\/comments?post=372"}],"version-history":[{"count":1,"href":"https:\/\/fidelidadacuba.org\/en\/wp-json\/wp\/v2\/posts\/372\/revisions"}],"predecessor-version":[{"id":374,"href":"https:\/\/fidelidadacuba.org\/en\/wp-json\/wp\/v2\/posts\/372\/revisions\/374"}],"wp:featuredmedia":[{"embeddable":true,"href":"https:\/\/fidelidadacuba.org\/en\/wp-json\/wp\/v2\/media\/373"}],"wp:attachment":[{"href":"https:\/\/fidelidadacuba.org\/en\/wp-json\/wp\/v2\/media?parent=372"}],"wp:term":[{"taxonomy":"category","embeddable":true,"href":"https:\/\/fidelidadacuba.org\/en\/wp-json\/wp\/v2\/categories?post=372"},{"taxonomy":"post_tag","embeddable":true,"href":"https:\/\/fidelidadacuba.org\/en\/wp-json\/wp\/v2\/tags?post=372"}],"curies":[{"name":"wp","href":"https:\/\/api.w.org\/{rel}","templated":true}]}}