{"id":366,"date":"2020-08-14T15:35:25","date_gmt":"2020-08-14T15:35:25","guid":{"rendered":"https:\/\/fidelidadacuba.org\/?p=366"},"modified":"2020-08-14T15:35:39","modified_gmt":"2020-08-14T15:35:39","slug":"fidelvive-entre-nosotros","status":"publish","type":"post","link":"https:\/\/fidelidadacuba.org\/en\/fidelvive-entre-nosotros\/","title":{"rendered":"#FidelVive entre nosotros."},"content":{"rendered":"<p><strong>Eternamente en el coraz\u00f3n de su pueblo, el Comandante en Jefe Fidel Castro Ruz recibi\u00f3 en su 94 cumplea\u00f1os el c\u00e1lido tributo de los santiagueros en representaci\u00f3n de sus compatriotas que, a causa de la COVID-19, no pudieron esta vez acudir, le dedicaron flores ante la roca monumento que atesora sus cenizas<\/strong>.<\/p>\n\n\n\n<p>Santiago de Cuba.\u2013Eternamente en el coraz\u00f3n de su pueblo, el Comandante en Jefe Fidel Castro Ruz recibi\u00f3 en su 94 cumplea\u00f1os el c\u00e1lido tributo de los santiagueros, quienes representando a los compatriotas que, a causa de la covid-19, no pudieron esta vez acudir, le dedicaron flores ante la roca monumento que atesora sus cenizas en el cementerio patrimonial Santa Ifigenia, de esta ciudad.<\/p>\n\n\n\n<p>En la fecha, el legado de Fidel fue destacado por el Presidente Miguel D\u00edaz-Canel Berm\u00fadez, quien en su cuenta de Twitter expres\u00f3: \u00abHoy 94 a\u00f1os de Fidel, a cuya obra debemos los indudables \u00e9xitos que nos llevaron al control de la covid. El mejor homenaje a su memoria, a la monumental obra humana que nos leg\u00f3, ser\u00eda vencer el rebrote a golpes de disciplina y de cuidados\u00bb.<\/p>\n\n\n\n<p>\u00abFelicidades Cuba, que vas por el mundo salvando vidas y derrotando al odio. A sus 94 a\u00f1os, Fidel vive entre nosotros, en la noble obra de su pueblo\u00bb, a\u00f1adi\u00f3 en otro tuit el Jefe de Estado.<\/p>\n\n\n\n<p>A los santiagueros, bien temprano se unieron familiares del l\u00edder hist\u00f3rico de la Revoluci\u00f3n Cubana, encabezados por su viuda Dalia Soto del Valle, y su hijo Alex, para entregarle sus \u00adramos y permanecer luego en \u00edntimo \u00abdi\u00e1logo\u00bb con quien dedic\u00f3 toda su vida a la lucha por la libertad de la Patria y la dignidad de los pueblos humildes del mundo.<\/p>\n\n\n\n<p>En representaci\u00f3n de la direcci\u00f3n de la provincia, la miembro del Comit\u00e9 Central del Partido Zaida Correa Guti\u00e9rrez, y el vicegobernador, Manuel Falc\u00f3n Hern\u00e1ndez, depositaron sendos ramos de flores, seguidos por las flores de dirigentes de las organizaciones de masas e integrantes de la Asociaci\u00f3n de Combatientes de la Revoluci\u00f3n Cubana.<\/p>\n\n\n\n<p>Si bien dada las disposiciones de enfrentamiento a la covid-19, esta vez no fue convocada la movilizaci\u00f3n que re\u00fane a miles de compatriotas de gran parte de la Isla, cumpliendo las medidas de las autoridades de la Salud, colectivos laborales, familias, hombres y mujeres agradecidos fueron espont\u00e1neamente al hist\u00f3rico encuentro.<\/p>\n\n\n\n<p>J\u00f3venes holguineros evocaron tambi\u00e9n este 13 de agosto a Fidel en Bir\u00e1n, su tierra natal. A primera hora, de acuerdo con Yanelis Rodr\u00edguez Paneque, secretaria de la Uni\u00f3n de J\u00f3venes Comunistas (ujc) en la provincia de Holgu\u00edn, 94 muchachos del municipio de Cueto y dos destacamentos de las Fuerzas Armadas Revolucionarias y del Ministerio del Interior, laboraron en la limpieza del naranjal plantado por Lina Ruz, madre del Comandante, en las cercan\u00edas de la casona donde naci\u00f3 el gu\u00eda de la Revoluci\u00f3n. Adem\u00e1s, en la jornada se realizaron otras actividades.\u00a0<\/p>\n\n\n\n<p>Granma.<\/p>","protected":false},"excerpt":{"rendered":"<p>Eternamente en el coraz\u00f3n de su pueblo, el Comandante en Jefe Fidel Castro Ruz recibi\u00f3 en su 94 cumplea\u00f1os el c\u00e1lido tributo de los santiagueros en representaci\u00f3n de sus compatriotas que, a causa de la COVID-19, no pudieron esta vez acudir, le dedicaron flores ante la roca monumento que atesora sus cenizas. Santiago de Cuba.\u2013Eternamente [&hellip;]<\/p>\n","protected":false},"author":3,"featured_media":367,"comment_status":"closed","ping_status":"open","sticky":false,"template":"","format":"standard","meta":{"nf_dc_page":"","om_disable_all_campaigns":false,"_uag_custom_page_level_css":"","_monsterinsights_skip_tracking":false,"_monsterinsights_sitenote_active":false,"_monsterinsights_sitenote_note":"","_monsterinsights_sitenote_category":0,"_jetpack_memberships_contains_paid_content":false,"footnotes":""},"categories":[5,3,6],"tags":[],"class_list":["post-366","post","type-post","status-publish","format-standard","has-post-thumbnail","hentry","category-cuba","category-noticias","category-venezuela"],"jetpack_featured_media_url":"https:\/\/i0.wp.com\/fidelidadacuba.org\/wp-content\/uploads\/2020\/08\/0Fidel-Vive-en-nosotros.jpg?fit=700%2C560&ssl=1","uagb_featured_image_src":{"full":["https:\/\/i0.wp.com\/fidelidadacuba.org\/wp-content\/uploads\/2020\/08\/0Fidel-Vive-en-nosotros.jpg?fit=700%2C560&ssl=1",700,560,false],"thumbnail":["https:\/\/i0.wp.com\/fidelidadacuba.org\/wp-content\/uploads\/2020\/08\/0Fidel-Vive-en-nosotros.jpg?resize=150%2C150&ssl=1",150,150,true],"medium":["https:\/\/i0.wp.com\/fidelidadacuba.org\/wp-content\/uploads\/2020\/08\/0Fidel-Vive-en-nosotros.jpg?fit=300%2C240&ssl=1",300,240,true],"medium_large":["https:\/\/i0.wp.com\/fidelidadacuba.org\/wp-content\/uploads\/2020\/08\/0Fidel-Vive-en-nosotros.jpg?fit=640%2C512&ssl=1",640,512,true],"large":["https:\/\/i0.wp.com\/fidelidadacuba.org\/wp-content\/uploads\/2020\/08\/0Fidel-Vive-en-nosotros.jpg?fit=640%2C512&ssl=1",640,512,true],"gs-square-thumb":["https:\/\/i0.wp.com\/fidelidadacuba.org\/wp-content\/uploads\/2020\/08\/0Fidel-Vive-en-nosotros.jpg?resize=420%2C420&ssl=1",420,420,true],"400x600":["https:\/\/i0.wp.com\/fidelidadacuba.org\/wp-content\/uploads\/2020\/08\/0Fidel-Vive-en-nosotros.jpg?resize=400%2C560&ssl=1",400,560,true],"250x375":["https:\/\/i0.wp.com\/fidelidadacuba.org\/wp-content\/uploads\/2020\/08\/0Fidel-Vive-en-nosotros.jpg?resize=250%2C375&ssl=1",250,375,true],"1536x1536":["https:\/\/i0.wp.com\/fidelidadacuba.org\/wp-content\/uploads\/2020\/08\/0Fidel-Vive-en-nosotros.jpg?fit=700%2C560&ssl=1",700,560,true],"2048x2048":["https:\/\/i0.wp.com\/fidelidadacuba.org\/wp-content\/uploads\/2020\/08\/0Fidel-Vive-en-nosotros.jpg?fit=700%2C560&ssl=1",700,560,true],"trp-custom-language-flag":["https:\/\/i0.wp.com\/fidelidadacuba.org\/wp-content\/uploads\/2020\/08\/0Fidel-Vive-en-nosotros.jpg?fit=15%2C12&ssl=1",15,12,true],"power-magazine-slider":["https:\/\/i0.wp.com\/fidelidadacuba.org\/wp-content\/uploads\/2020\/08\/0Fidel-Vive-en-nosotros.jpg?resize=700%2C500&ssl=1",700,500,true],"power-magazine-mixed":["https:\/\/i0.wp.com\/fidelidadacuba.org\/wp-content\/uploads\/2020\/08\/0Fidel-Vive-en-nosotros.jpg?resize=194%2C194&ssl=1",194,194,true],"power-magazine-mixed-large":["https:\/\/i0.wp.com\/fidelidadacuba.org\/wp-content\/uploads\/2020\/08\/0Fidel-Vive-en-nosotros.jpg?resize=360%2C212&ssl=1",360,212,true],"power-magazine-masonry-large":["https:\/\/i0.wp.com\/fidelidadacuba.org\/wp-content\/uploads\/2020\/08\/0Fidel-Vive-en-nosotros.jpg?resize=360%2C440&ssl=1",360,440,true],"rpwe-thumbnail":["https:\/\/fidelidadacuba.org\/wp-content\/uploads\/2020\/08\/0Fidel-Vive-en-nosotros.jpg",45,36,false]},"uagb_author_info":{"display_name":"Yhonny Garc\u00eca Calles","author_link":"https:\/\/fidelidadacuba.org\/en\/author\/yhonnyg\/"},"uagb_comment_info":0,"uagb_excerpt":"Eternamente en el coraz\u00f3n de su pueblo, el Comandante en Jefe Fidel Castro Ruz recibi\u00f3 en su 94 cumplea\u00f1os el c\u00e1lido tributo de los santiagueros en representaci\u00f3n de sus compatriotas que, a causa de la COVID-19, no pudieron esta vez acudir, le dedicaron flores ante la roca monumento que atesora sus cenizas. Santiago de Cuba.\u2013Eternamente&hellip;","jetpack_sharing_enabled":true,"_links":{"self":[{"href":"https:\/\/fidelidadacuba.org\/en\/wp-json\/wp\/v2\/posts\/366","targetHints":{"allow":["GET"]}}],"collection":[{"href":"https:\/\/fidelidadacuba.org\/en\/wp-json\/wp\/v2\/posts"}],"about":[{"href":"https:\/\/fidelidadacuba.org\/en\/wp-json\/wp\/v2\/types\/post"}],"author":[{"embeddable":true,"href":"https:\/\/fidelidadacuba.org\/en\/wp-json\/wp\/v2\/users\/3"}],"replies":[{"embeddable":true,"href":"https:\/\/fidelidadacuba.org\/en\/wp-json\/wp\/v2\/comments?post=366"}],"version-history":[{"count":1,"href":"https:\/\/fidelidadacuba.org\/en\/wp-json\/wp\/v2\/posts\/366\/revisions"}],"predecessor-version":[{"id":368,"href":"https:\/\/fidelidadacuba.org\/en\/wp-json\/wp\/v2\/posts\/366\/revisions\/368"}],"wp:featuredmedia":[{"embeddable":true,"href":"https:\/\/fidelidadacuba.org\/en\/wp-json\/wp\/v2\/media\/367"}],"wp:attachment":[{"href":"https:\/\/fidelidadacuba.org\/en\/wp-json\/wp\/v2\/media?parent=366"}],"wp:term":[{"taxonomy":"category","embeddable":true,"href":"https:\/\/fidelidadacuba.org\/en\/wp-json\/wp\/v2\/categories?post=366"},{"taxonomy":"post_tag","embeddable":true,"href":"https:\/\/fidelidadacuba.org\/en\/wp-json\/wp\/v2\/tags?post=366"}],"curies":[{"name":"wp","href":"https:\/\/api.w.org\/{rel}","templated":true}]}}