{"id":363,"date":"2020-08-13T18:16:06","date_gmt":"2020-08-13T18:16:06","guid":{"rendered":"https:\/\/fidelidadacuba.org\/?p=363"},"modified":"2020-08-13T18:16:20","modified_gmt":"2020-08-13T18:16:20","slug":"como-se-elige-el-nobel-de-la-paz-que-proponen-entregar-a-los-medicos-cubanos-de-la-henry-reeve","status":"publish","type":"post","link":"https:\/\/fidelidadacuba.org\/en\/como-se-elige-el-nobel-de-la-paz-que-proponen-entregar-a-los-medicos-cubanos-de-la-henry-reeve\/","title":{"rendered":"\u00bfC\u00f3mo se elige el Nobel de la Paz que proponen entregar a los m\u00e9dicos cubanos de la Henry Reeve?"},"content":{"rendered":"<p><strong>El secreto que envuelve las candidaturas es total, al menos por parte del Comit\u00e9 Nobel Noruego, que es el encargado de elegir al premiado, si bien aquellos que presentan las propuestas suelen hacerlas p\u00fablicas en algunos casos<\/strong>.<\/p>\n\n\n\n<p>Desde que se concediera el primer Nobel de la Paz en 1901, el galard\u00f3n es el que m\u00e1s debate genera a nivel pol\u00edtico, ya que no siempre la persona elegida es del agrado de todos, como ocurri\u00f3 en el a\u00f1o 2009 cuando el galardonado fue el presidente estadounidense, Barack Obama, quien no llevaba ni un a\u00f1o en la Casa Blanca.<\/p>\n\n\n\n<p>La designaci\u00f3n del galardonado se realiza tras un largo proceso que comienza un a\u00f1o antes del anuncio oficial. El secreto que envuelve las candidaturas es total, al menos por parte del Comit\u00e9 Nobel Noruego, que es el encargado de elegir al premiado, si bien aquellos que presentan las propuestas suelen hacerlas p\u00fablicas en algunos casos.<\/p>\n\n\n\n<p>No obstante, pasados 50 a\u00f1os se pueden conocer los candidatos oficiales.<\/p>\n\n\n\n<p><strong>PASOS PARA QUE UNA CANDIDATURA SEA V\u00c1LIDA<\/strong><\/p>\n\n\n\n<p>Para que una candidatura sea v\u00e1lida tiene que ser presentada por miembros de asambleas nacionales y gobiernos; miembros de tribunales internacionales; rectores de universidad, profesores de ciencias sociales, historia, filosof\u00eda, derecho y teolog\u00eda o directores de institutos de investigaci\u00f3n sobre la paz e institutos de pol\u00edtica exterior.<\/p>\n\n\n\n<p>Tambi\u00e9n pueden hacer la propuesta personas u organizaciones que ya han recibido el galard\u00f3n, as\u00ed como miembros actuales o antiguos del Comit\u00e9 Nobel Noruego o antiguos asesores del mismo. As\u00ed pues, en ning\u00fan caso la propuesta de un candidato la puede hacer un ciudadano com\u00fan.<\/p>\n\n\n\n<p>No existe un formulario concreto para presentar una candidatura, aunque estas deben incluir al menos el nombre del candidato, una explicaci\u00f3n de por qu\u00e9 se considera que esa persona u organizaci\u00f3n es merecedora de recibir el premio y el nombre, t\u00edtulo y afiliaci\u00f3n acad\u00e9mica o profesional de quien presenta la candidatura. Esta informaci\u00f3n puede remitirse por dos v\u00edas, por correo postal ordinario o por correo electr\u00f3nico.<\/p>\n\n\n\n<p><strong>\u00bfC\u00d3MO FUNCIONA EL COMIT\u00c9 NOBEL NORUEGO?<\/strong><\/p>\n\n\n\n<p>Los encargados de recibir y elegir a los candidatos son los cinco integrantes del Comit\u00e9 Nobel Noruego. Estos son elegidos por el Parlamento noruego y suelen reflejar el reparto de fuerzas pol\u00edticas en el mismo.<\/p>\n\n\n\n<p>El plazo para la recepci\u00f3n de candidaturas se abre en septiembre y se cierra el 1 de febrero, si bien se aceptan las candidaturas que lleguen despu\u00e9s, pero hayan sido remitidas antes de dicha fecha. Entre febrero y marzo, el Comit\u00e9 revisa las candidaturas recibidas y realiza una primera criba, reduciendo los nombres a unos 20 o 30.<\/p>\n\n\n\n<p>Entre marzo y agosto, los asesores del Comit\u00e9 &#8211;profesores universitarios con amplia experiencia en la materia&#8211; analizan pormenorizadamente las candidaturas restantes y elaboran un informe. En ocasiones, tambi\u00e9n se pide informaci\u00f3n a organismos extranjeros.<\/p>\n\n\n\n<p>A principios de octubre, tras haber analizado las candidaturas exhaustivamente e incluso pedir informaci\u00f3n adicional, el Comit\u00e9 Nobel Noruego se re\u00fane para elegir al galardonado. En general, la elecci\u00f3n se hace por unanimidad, pero de no ser posible se recurre a la mayor\u00eda simple, tras lo cual se procede al anuncio.<\/p>\n\n\n\n<p><strong>ALGUNAS CURIOSIDADES<\/strong><\/p>\n\n\n\n<p>El Nobel de la Paz es el \u00fanico de los galardones que se conceden por el testamento dejado por Alfred Nobel que no se entrega en Estocolmo, sino que se entrega en Oslo.<\/p>\n\n\n\n<p>Desde 1901, en que se concedi\u00f3 por primera vez, no se ha entregado en 19 ocasiones: durante la Primera Guerra Mundial (1914-1916 y 1918), en 1923, 1924, 1928 y 1932; durante la Segunda Guerra Mundial (1939-1943), en 1948, 1955-1956, 1966-1967 y en 1972.<\/p>\n\n\n\n<p>Hasta la fecha, se han concedido 99 premios a un total de 133 galardonados. Los premiados en 2018 fueron el m\u00e9dico congole\u00f1o Denis Mukwege y la activista yazid\u00ed Nadia Murad. El primer ministro de Etiop\u00eda, Abiy Ahmed Ali, fue el ganador del Premio Nobel de la Paz 2019 por sus esfuerzos para poner fin a la guerra de 20 a\u00f1os entre su pa\u00eds y Eritrea.<\/p>\n\n\n\n<p>En 30 de las ocasiones el premio fue compartido por dos galardonados.<\/p>\n\n\n\n<p>Solo en dos ocasiones el premio ha sido concedido simult\u00e1neamente a tres personas. La primera vez fue en 1994 cuando los premiados fueron el l\u00edder palestino, Yasir Arafat; el ministro de Exteriores israel\u00ed, Shimon Peres; y el primer ministro israel\u00ed, Isaac Rabin. La \u00faltima ocasi\u00f3n fue en 2011 y las galardonadas fueron la presidenta de Liberia, Ellen Johnson Sirleaf; la activista y defensora de los derechos de las mujeres liberiana Leymah Gbowee, y la activista y pacifista yemen\u00ed Tawakkol Karman.<\/p>\n\n\n\n<p>El galard\u00f3n ha reca\u00eddo 27 veces durante su historia en organizaciones. Entre ellas figuran el Comit\u00e9 Internacional de la Cruz Roja (CICR), que lo ha recibido en tres ocasiones (1917, 1944 y 1963) y el Alto Comisionado de la ONU para los Refugiados (ACNUR), que lo ha recibido en dos (1954 y 1981).<\/p>\n\n\n\n<p>Hasta la fecha lo han recibido un total de 17 mujeres, la \u00faltima de ellas la activista Murad en 2018.<\/p>\n\n\n\n<p>La media de edad de los galardonados es de 62 a\u00f1os. En 2014 la activista paquistan\u00ed Malala Yousafzai se convirti\u00f3 en la m\u00e1s joven en recibir un Nobel en la historia del premio en todas sus categor\u00edas, al recibirlo con tan solo 17 a\u00f1os. Por su parte, el galardonado de mayor edad es el pacifista brit\u00e1nico Joseph Rotblat, que ten\u00eda 87 a\u00f1os cuando lo recibi\u00f3 en 1995.<\/p>\n\n\n\n<p>En los 118 a\u00f1os de historia, solo uno de los premiados ha declinado el galard\u00f3n. El norvietnamita Le Duc Tho fue premiado en 1973 junto con el secretario de Estado norteamericano, Henry Kissinger, por negociar el acuerdo de paz. El jefe negociador del Gobierno de Vietnam del Norte rechaz\u00f3 el premio porque consider\u00f3 que su contraparte estadounidense no hab\u00eda respetado la tregua que ambos hab\u00edan pactado.<\/p>\n\n\n\n<p>Tres de los premiados estaban encarcelados cuando fueron galardonados.<\/p>\n\n\n\n<p>Solo uno de los premiados lo fue a t\u00edtulo p\u00f3stumo. Se trata del secretario general de la ONU Dag Hammarskj\u00f6ld, quien falleci\u00f3 un mes antes de que se anunciara el premio en un accidente a\u00e9reo en Rodhesia del Norte. A partir de 1974, los estatutos de la Fundaci\u00f3n Nobel estipulan que no se pueden dar galardones a t\u00edtulo p\u00f3stumo.<\/p>\n\n\n\n<p>Entre los nombres de los nominados pero que nunca recibieron el premio figuran cuatro que causan especial sorpresa. En el caso de uno de ellos porque sin duda es uno de los s\u00edmbolos de la lucha pacifista a nivel mundial, el indio Mahatma Gandhi, cuyo nombre figur\u00f3 en varias ocasiones.<\/p>\n\n\n\n<p><strong>(Con informaci\u00f3n de PL y Europa Press)<\/strong><\/p>","protected":false},"excerpt":{"rendered":"<p>El secreto que envuelve las candidaturas es total, al menos por parte del Comit\u00e9 Nobel Noruego, que es el encargado de elegir al premiado, si bien aquellos que presentan las propuestas suelen hacerlas p\u00fablicas en algunos casos. Desde que se concediera el primer Nobel de la Paz en 1901, el galard\u00f3n es el que m\u00e1s [&hellip;]<\/p>\n","protected":false},"author":3,"featured_media":364,"comment_status":"closed","ping_status":"open","sticky":false,"template":"","format":"standard","meta":{"nf_dc_page":"","om_disable_all_campaigns":false,"_uag_custom_page_level_css":"","_monsterinsights_skip_tracking":false,"_monsterinsights_sitenote_active":false,"_monsterinsights_sitenote_note":"","_monsterinsights_sitenote_category":0,"_jetpack_memberships_contains_paid_content":false,"footnotes":""},"categories":[5,3,6],"tags":[],"class_list":["post-363","post","type-post","status-publish","format-standard","has-post-thumbnail","hentry","category-cuba","category-noticias","category-venezuela"],"jetpack_featured_media_url":"https:\/\/i0.wp.com\/fidelidadacuba.org\/wp-content\/uploads\/2020\/08\/0nobel.jpg?fit=511%2C511&ssl=1","uagb_featured_image_src":{"full":["https:\/\/i0.wp.com\/fidelidadacuba.org\/wp-content\/uploads\/2020\/08\/0nobel.jpg?fit=511%2C511&ssl=1",511,511,false],"thumbnail":["https:\/\/i0.wp.com\/fidelidadacuba.org\/wp-content\/uploads\/2020\/08\/0nobel.jpg?resize=150%2C150&ssl=1",150,150,true],"medium":["https:\/\/i0.wp.com\/fidelidadacuba.org\/wp-content\/uploads\/2020\/08\/0nobel.jpg?fit=300%2C300&ssl=1",300,300,true],"medium_large":["https:\/\/i0.wp.com\/fidelidadacuba.org\/wp-content\/uploads\/2020\/08\/0nobel.jpg?fit=511%2C511&ssl=1",511,511,true],"large":["https:\/\/i0.wp.com\/fidelidadacuba.org\/wp-content\/uploads\/2020\/08\/0nobel.jpg?fit=511%2C511&ssl=1",511,511,true],"gs-square-thumb":["https:\/\/i0.wp.com\/fidelidadacuba.org\/wp-content\/uploads\/2020\/08\/0nobel.jpg?resize=420%2C420&ssl=1",420,420,true],"400x600":["https:\/\/i0.wp.com\/fidelidadacuba.org\/wp-content\/uploads\/2020\/08\/0nobel.jpg?resize=400%2C511&ssl=1",400,511,true],"250x375":["https:\/\/i0.wp.com\/fidelidadacuba.org\/wp-content\/uploads\/2020\/08\/0nobel.jpg?resize=250%2C375&ssl=1",250,375,true],"1536x1536":["https:\/\/i0.wp.com\/fidelidadacuba.org\/wp-content\/uploads\/2020\/08\/0nobel.jpg?fit=511%2C511&ssl=1",511,511,true],"2048x2048":["https:\/\/i0.wp.com\/fidelidadacuba.org\/wp-content\/uploads\/2020\/08\/0nobel.jpg?fit=511%2C511&ssl=1",511,511,true],"trp-custom-language-flag":["https:\/\/i0.wp.com\/fidelidadacuba.org\/wp-content\/uploads\/2020\/08\/0nobel.jpg?fit=12%2C12&ssl=1",12,12,true],"power-magazine-slider":["https:\/\/i0.wp.com\/fidelidadacuba.org\/wp-content\/uploads\/2020\/08\/0nobel.jpg?resize=511%2C500&ssl=1",511,500,true],"power-magazine-mixed":["https:\/\/i0.wp.com\/fidelidadacuba.org\/wp-content\/uploads\/2020\/08\/0nobel.jpg?resize=194%2C194&ssl=1",194,194,true],"power-magazine-mixed-large":["https:\/\/i0.wp.com\/fidelidadacuba.org\/wp-content\/uploads\/2020\/08\/0nobel.jpg?resize=360%2C212&ssl=1",360,212,true],"power-magazine-masonry-large":["https:\/\/i0.wp.com\/fidelidadacuba.org\/wp-content\/uploads\/2020\/08\/0nobel.jpg?resize=360%2C440&ssl=1",360,440,true],"rpwe-thumbnail":["https:\/\/fidelidadacuba.org\/wp-content\/uploads\/2020\/08\/0nobel.jpg",45,45,false]},"uagb_author_info":{"display_name":"Yhonny Garc\u00eca Calles","author_link":"https:\/\/fidelidadacuba.org\/en\/author\/yhonnyg\/"},"uagb_comment_info":0,"uagb_excerpt":"El secreto que envuelve las candidaturas es total, al menos por parte del Comit\u00e9 Nobel Noruego, que es el encargado de elegir al premiado, si bien aquellos que presentan las propuestas suelen hacerlas p\u00fablicas en algunos casos. Desde que se concediera el primer Nobel de la Paz en 1901, el galard\u00f3n es el que m\u00e1s&hellip;","jetpack_sharing_enabled":true,"_links":{"self":[{"href":"https:\/\/fidelidadacuba.org\/en\/wp-json\/wp\/v2\/posts\/363","targetHints":{"allow":["GET"]}}],"collection":[{"href":"https:\/\/fidelidadacuba.org\/en\/wp-json\/wp\/v2\/posts"}],"about":[{"href":"https:\/\/fidelidadacuba.org\/en\/wp-json\/wp\/v2\/types\/post"}],"author":[{"embeddable":true,"href":"https:\/\/fidelidadacuba.org\/en\/wp-json\/wp\/v2\/users\/3"}],"replies":[{"embeddable":true,"href":"https:\/\/fidelidadacuba.org\/en\/wp-json\/wp\/v2\/comments?post=363"}],"version-history":[{"count":1,"href":"https:\/\/fidelidadacuba.org\/en\/wp-json\/wp\/v2\/posts\/363\/revisions"}],"predecessor-version":[{"id":365,"href":"https:\/\/fidelidadacuba.org\/en\/wp-json\/wp\/v2\/posts\/363\/revisions\/365"}],"wp:featuredmedia":[{"embeddable":true,"href":"https:\/\/fidelidadacuba.org\/en\/wp-json\/wp\/v2\/media\/364"}],"wp:attachment":[{"href":"https:\/\/fidelidadacuba.org\/en\/wp-json\/wp\/v2\/media?parent=363"}],"wp:term":[{"taxonomy":"category","embeddable":true,"href":"https:\/\/fidelidadacuba.org\/en\/wp-json\/wp\/v2\/categories?post=363"},{"taxonomy":"post_tag","embeddable":true,"href":"https:\/\/fidelidadacuba.org\/en\/wp-json\/wp\/v2\/tags?post=363"}],"curies":[{"name":"wp","href":"https:\/\/api.w.org\/{rel}","templated":true}]}}