{"id":360,"date":"2020-08-13T17:47:04","date_gmt":"2020-08-13T17:47:04","guid":{"rendered":"https:\/\/fidelidadacuba.org\/?p=360"},"modified":"2020-08-13T17:47:18","modified_gmt":"2020-08-13T17:47:18","slug":"fidel-94-anos-de-vida-por-siempre-comandante","status":"publish","type":"post","link":"https:\/\/fidelidadacuba.org\/en\/fidel-94-anos-de-vida-por-siempre-comandante\/","title":{"rendered":"FIDEL 94 A\u00d1OS DE VIDA, POR SIEMPRE COMANDANTE"},"content":{"rendered":"<p><em>El Movimiento Nacional de Amistad y Solidaridad Mutua Venezuela-Cuba, rinde<\/em> justo homenaje a Fidel Castro Ruz, l\u00edder hist\u00f3rico&nbsp;de la Revoluci\u00f3n Cubana, en ocasi\u00f3n de cumplirse 94 a\u00f1os de su nacimiento:<\/p>\n\n\n\n<p>\u201cLa ausencia de tus reflexiones inevitablemente nos embargan de tristeza, y son todas tus ense\u00f1anzas nuestro cotidiano consuelo, desde el insurrecto Moncada hasta los peligros del cambio clim\u00e1tico. Impacientemente esper\u00e1bamos las \u201cReflexiones de Fidel\u201d, en las cuales nos ilustrabas sobre las grandes contradicciones de la humanidad y las posibles v\u00edas para resolverlas.<\/p>\n\n\n\n<p>El pueblo venezolano encontr\u00f3 en tu ejemplar vida una nueva forma de revisar la obra del padre libertador Bol\u00edvar y del gran ap\u00f3stol Jos\u00e9 Mart\u00ed. Tu pensamiento tuvo gran trascendencia en varias generaciones de j\u00f3venes rebeldes, los cuales encontraron all\u00ed un nuevo sentido antimperialista, anticapitalista en el siglo XXI. Siempre admiramos tus \u00e9picas proclamas en la Plaza de la Revoluci\u00f3n, desde los grandes logros de la Revoluci\u00f3n Cubana, reconocidos internacionalmente como expresi\u00f3n genuina de lo que es capaz de lograr un pueblo libre, hasta las grandes reflexiones sobre los errores o fracasos que terminaban siempre en nuevos reimpulsos revolucionarios.<\/p>\n\n\n\n<p>&nbsp;Siempre recordaremos c\u00f3mo estremeci\u00f3 tu coraje y humildad aquella tarde en donde reconociste las dificultades del inmenso plan de ca\u00f1a que no se pudo lograr, pero cuando los imperialistas cre\u00edan a un Fidel acabado, en esa plaza donde palpitaban miles de almas con su l\u00edder, le dijiste a tu pueblo con aquella voz que retumbaba: \u201cun pueblo cobarde que se rinde jam\u00e1s conquista su libertad\u201d y en medio de un ensordecedor silencio, sali\u00f3 la oda guerrillera de la Sierra y ese heroico pueblo cubano estremecido por tus palabras, con la moral acerada y en alto, empuj\u00f3 con m\u00e1s fuerza la producci\u00f3n para enfrentar el genocida bloqueo estadounidense.&nbsp;<\/p>\n\n\n\n<p>Ese Fidel vencedor de las dificultades es quiz\u00e1s al que m\u00e1s extra\u00f1amos en momentos donde la humanidad se encuentra en el abismo que t\u00fa, visionario, tanto alertaste. Todos estos meses de pandemia nos preguntamos \u00bfqu\u00e9 reflexiones compartir\u00eda el gran Fidel con los pueblos del mundo en circunstancias como estas?<\/p>\n\n\n\n<p>Basta con ver a los galenos cubanos en la primera l\u00ednea de batalla enfrentando al Covid-19, acudiendo al sufrimiento de los pueblos del mundo, desde la ofrenda solidaria de su avanzada tecnolog\u00eda m\u00e9dica, haciendo eco del esp\u00edritu Martiano \u201cPatria es Humanidad\u201d. Basta con ese conmovedor ejemplo del pueblo cubano que ve como Patria a toda especie humana, para encontrarnos con el genuino y palpitante pensamiento del comandante Fidel. Raz\u00f3n por la que el pueblo venezolano se une al clamor mundial para que le sea otorgado el premio Nobel de la Paz a la Brigada de M\u00e9dica Cubana Henry Reeve.<\/p>\n\n\n\n<p>A tus 94 a\u00f1os Fidel, tu lucha por salvar a la especie humana sigue viva en muchas generaciones de todo el planeta, quienes encontramos en tu vida, obra y pensamiento una gu\u00eda, un libertario camino, una esperanza para los pueblos del mundo.<\/p>\n\n\n\n<p>Seguiremos tus pasos, buscando un nuevo sentido a la especie humana\u201d.<\/p>\n\n\n\n<p>Hasta la Victoria siempre, Comandante&nbsp;&nbsp;<\/p>\n\n\n\n<p>Caracas, 13 de agosto de 2020<\/p>","protected":false},"excerpt":{"rendered":"<p>El Movimiento Nacional de Amistad y Solidaridad Mutua Venezuela-Cuba, rinde justo homenaje a Fidel Castro Ruz, l\u00edder hist\u00f3rico&nbsp;de la Revoluci\u00f3n Cubana, en ocasi\u00f3n de cumplirse 94 a\u00f1os de su nacimiento: \u201cLa ausencia de tus reflexiones inevitablemente nos embargan de tristeza, y son todas tus ense\u00f1anzas nuestro cotidiano consuelo, desde el insurrecto Moncada hasta los peligros [&hellip;]<\/p>\n","protected":false},"author":3,"featured_media":361,"comment_status":"closed","ping_status":"open","sticky":false,"template":"","format":"standard","meta":{"nf_dc_page":"","om_disable_all_campaigns":false,"_uag_custom_page_level_css":"","_monsterinsights_skip_tracking":false,"_monsterinsights_sitenote_active":false,"_monsterinsights_sitenote_note":"","_monsterinsights_sitenote_category":0,"_jetpack_memberships_contains_paid_content":false,"footnotes":""},"categories":[5,3,6],"tags":[],"class_list":["post-360","post","type-post","status-publish","format-standard","has-post-thumbnail","hentry","category-cuba","category-noticias","category-venezuela"],"jetpack_featured_media_url":"https:\/\/i0.wp.com\/fidelidadacuba.org\/wp-content\/uploads\/2020\/08\/FIDEL-94-ANOS-DE-VIDA-1.jpg?fit=1275%2C1650&ssl=1","uagb_featured_image_src":{"full":["https:\/\/i0.wp.com\/fidelidadacuba.org\/wp-content\/uploads\/2020\/08\/FIDEL-94-ANOS-DE-VIDA-1.jpg?fit=1275%2C1650&ssl=1",1275,1650,false],"thumbnail":["https:\/\/i0.wp.com\/fidelidadacuba.org\/wp-content\/uploads\/2020\/08\/FIDEL-94-ANOS-DE-VIDA-1.jpg?resize=150%2C150&ssl=1",150,150,true],"medium":["https:\/\/i0.wp.com\/fidelidadacuba.org\/wp-content\/uploads\/2020\/08\/FIDEL-94-ANOS-DE-VIDA-1.jpg?fit=232%2C300&ssl=1",232,300,true],"medium_large":["https:\/\/i0.wp.com\/fidelidadacuba.org\/wp-content\/uploads\/2020\/08\/FIDEL-94-ANOS-DE-VIDA-1.jpg?fit=640%2C828&ssl=1",640,828,true],"large":["https:\/\/i0.wp.com\/fidelidadacuba.org\/wp-content\/uploads\/2020\/08\/FIDEL-94-ANOS-DE-VIDA-1.jpg?fit=640%2C829&ssl=1",640,829,true],"gs-square-thumb":["https:\/\/i0.wp.com\/fidelidadacuba.org\/wp-content\/uploads\/2020\/08\/FIDEL-94-ANOS-DE-VIDA-1.jpg?resize=420%2C420&ssl=1",420,420,true],"400x600":["https:\/\/i0.wp.com\/fidelidadacuba.org\/wp-content\/uploads\/2020\/08\/FIDEL-94-ANOS-DE-VIDA-1.jpg?resize=400%2C600&ssl=1",400,600,true],"250x375":["https:\/\/i0.wp.com\/fidelidadacuba.org\/wp-content\/uploads\/2020\/08\/FIDEL-94-ANOS-DE-VIDA-1.jpg?resize=250%2C375&ssl=1",250,375,true],"1536x1536":["https:\/\/i0.wp.com\/fidelidadacuba.org\/wp-content\/uploads\/2020\/08\/FIDEL-94-ANOS-DE-VIDA-1.jpg?fit=1187%2C1536&ssl=1",1187,1536,true],"2048x2048":["https:\/\/i0.wp.com\/fidelidadacuba.org\/wp-content\/uploads\/2020\/08\/FIDEL-94-ANOS-DE-VIDA-1.jpg?fit=1275%2C1650&ssl=1",1275,1650,true],"trp-custom-language-flag":["https:\/\/i0.wp.com\/fidelidadacuba.org\/wp-content\/uploads\/2020\/08\/FIDEL-94-ANOS-DE-VIDA-1.jpg?fit=9%2C12&ssl=1",9,12,true],"power-magazine-slider":["https:\/\/i0.wp.com\/fidelidadacuba.org\/wp-content\/uploads\/2020\/08\/FIDEL-94-ANOS-DE-VIDA-1.jpg?resize=750%2C500&ssl=1",750,500,true],"power-magazine-mixed":["https:\/\/i0.wp.com\/fidelidadacuba.org\/wp-content\/uploads\/2020\/08\/FIDEL-94-ANOS-DE-VIDA-1.jpg?resize=194%2C194&ssl=1",194,194,true],"power-magazine-mixed-large":["https:\/\/i0.wp.com\/fidelidadacuba.org\/wp-content\/uploads\/2020\/08\/FIDEL-94-ANOS-DE-VIDA-1.jpg?resize=360%2C212&ssl=1",360,212,true],"power-magazine-masonry-large":["https:\/\/i0.wp.com\/fidelidadacuba.org\/wp-content\/uploads\/2020\/08\/FIDEL-94-ANOS-DE-VIDA-1.jpg?resize=360%2C440&ssl=1",360,440,true],"rpwe-thumbnail":["https:\/\/fidelidadacuba.org\/wp-content\/uploads\/2020\/08\/FIDEL-94-ANOS-DE-VIDA-1.jpg",35,45,false]},"uagb_author_info":{"display_name":"Yhonny Garc\u00eca Calles","author_link":"https:\/\/fidelidadacuba.org\/en\/author\/yhonnyg\/"},"uagb_comment_info":0,"uagb_excerpt":"El Movimiento Nacional de Amistad y Solidaridad Mutua Venezuela-Cuba, rinde justo homenaje a Fidel Castro Ruz, l\u00edder hist\u00f3rico&nbsp;de la Revoluci\u00f3n Cubana, en ocasi\u00f3n de cumplirse 94 a\u00f1os de su nacimiento: \u201cLa ausencia de tus reflexiones inevitablemente nos embargan de tristeza, y son todas tus ense\u00f1anzas nuestro cotidiano consuelo, desde el insurrecto Moncada hasta los peligros&hellip;","jetpack_sharing_enabled":true,"_links":{"self":[{"href":"https:\/\/fidelidadacuba.org\/en\/wp-json\/wp\/v2\/posts\/360","targetHints":{"allow":["GET"]}}],"collection":[{"href":"https:\/\/fidelidadacuba.org\/en\/wp-json\/wp\/v2\/posts"}],"about":[{"href":"https:\/\/fidelidadacuba.org\/en\/wp-json\/wp\/v2\/types\/post"}],"author":[{"embeddable":true,"href":"https:\/\/fidelidadacuba.org\/en\/wp-json\/wp\/v2\/users\/3"}],"replies":[{"embeddable":true,"href":"https:\/\/fidelidadacuba.org\/en\/wp-json\/wp\/v2\/comments?post=360"}],"version-history":[{"count":1,"href":"https:\/\/fidelidadacuba.org\/en\/wp-json\/wp\/v2\/posts\/360\/revisions"}],"predecessor-version":[{"id":362,"href":"https:\/\/fidelidadacuba.org\/en\/wp-json\/wp\/v2\/posts\/360\/revisions\/362"}],"wp:featuredmedia":[{"embeddable":true,"href":"https:\/\/fidelidadacuba.org\/en\/wp-json\/wp\/v2\/media\/361"}],"wp:attachment":[{"href":"https:\/\/fidelidadacuba.org\/en\/wp-json\/wp\/v2\/media?parent=360"}],"wp:term":[{"taxonomy":"category","embeddable":true,"href":"https:\/\/fidelidadacuba.org\/en\/wp-json\/wp\/v2\/categories?post=360"},{"taxonomy":"post_tag","embeddable":true,"href":"https:\/\/fidelidadacuba.org\/en\/wp-json\/wp\/v2\/tags?post=360"}],"curies":[{"name":"wp","href":"https:\/\/api.w.org\/{rel}","templated":true}]}}