{"id":357,"date":"2020-08-11T20:57:29","date_gmt":"2020-08-11T20:57:29","guid":{"rendered":"https:\/\/fidelidadacuba.org\/?p=357"},"modified":"2020-08-11T20:57:42","modified_gmt":"2020-08-11T20:57:42","slug":"el-general-espinosa-sobre-fidel","status":"publish","type":"post","link":"https:\/\/fidelidadacuba.org\/en\/el-general-espinosa-sobre-fidel\/","title":{"rendered":"El general Espinosa sobre Fidel"},"content":{"rendered":"<p>La primera vez que yo vi al Comandante fue en enero del 59, en CMQ, en una actividad en la que \u00e9l habl\u00f3 y all\u00ed nos dio la mano a todos los que est\u00e1bamos en la entrada. Fue la primera vez que lo vi en persona y estrech\u00e9 su mano.<\/p>\n\n\n\n<p>Y estando nosotros en el escuadr\u00f3n de Bayamo, lleg\u00f3 el Comandante con su escolta porque estaba en un recorrido por all\u00e1. El jefe de ese escuadr\u00f3n hab\u00eda tenido un accidente de tr\u00e1nsito, y yo estaba all\u00ed preguntado algunas cosas de lo que iba a investigar\u2026Yo era primer teniente y \u00e9l entr\u00f3, le di el parte y entonces empez\u00f3 a preguntar: \u201c\u00bfQui\u00e9n est\u00e1 al frente de cuartel?\u201d. Yo le expliqu\u00e9 que yo estaba de tr\u00e1nsito y que el sargento era quien estaba a cargo y me pregunt\u00f3: \u201c\u00bfY t\u00fa qu\u00e9 haces aqu\u00ed?\u201d. Le expliqu\u00e9 y \u00e9l pregunt\u00f3: \u201c\u00bfCu\u00e1l es el oficial de m\u00e1s alta graduaci\u00f3n que en este momento est\u00e1 aqu\u00ed?\u201d. Yo le respond\u00ed que en ese momento era yo, y entonces me mir\u00f3 y dijo: \u201c\u00bfA d\u00f3nde t\u00fa perteneces?\u201d. \u201cYo estoy en La Habana, all\u00e1 en el Estado Mayor y vine a hacer un trabajo\u201d\u2026 Le expliqu\u00e9 los detalles y afirm\u00f3: \u201cEst\u00e1 bien; pero, mira, qu\u00e9date al frente del escuadr\u00f3n hasta que yo decida a qui\u00e9n voy a mandar para ac\u00e1 y dile para all\u00e1 a los jefes tuyos que t\u00fa te vas a quedar, que yo te dije que te quedaras. \u00bfT\u00fa tienes algo en contra?\u201d. \u201c\u00bfQu\u00e9 voy a tener en contra? A sus \u00f3rdenes\u201d (se rio). Y me pas\u00e9 como un mes all\u00ed&#8230; Esa fue la primera vez que hablamos de frente y que me dio una misi\u00f3n.<img data-recalc-dims=\"1\" fetchpriority=\"high\" decoding=\"async\" src=\"https:\/\/i0.wp.com\/media.cubadebate.cu\/wp-content\/uploads\/2020\/08\/Fidel-espinosa-martin-condecoracion.jpg?resize=580%2C619\" alt=\"\" width=\"580\" height=\"619\"><\/p>\n\n\n\n<p>Durante una ceremonia de condecoraci\u00f3n.<\/p>\n\n\n\n<p>Cuando nosotros est\u00e1bamos en Cabinda, \u00e9l despidi\u00f3 a todo el mundo aqu\u00ed y yo me tuve que ir delante, con seis compa\u00f1eros, y a m\u00ed no me despidi\u00f3, despidi\u00f3 al grupo que iba para all\u00e1 despu\u00e9s, y entonces me mand\u00f3 un papelito y desde aqu\u00ed me dijo: \u201cPonte en tal lugar, haz tal cosa\u201d, como siempre era \u00e9l, que era verdad que era as\u00ed, y yo hice todas esas cosas. Lo que pasa es que despu\u00e9s vino el ataque de Mobuto y su gente\u2026y la direcci\u00f3n principal era esa, me la dijo desde aqu\u00ed, todo eso, y \u201cpor all\u00ed te va a atacar Mobuto, toma medidas\u201d y atacaron por all\u00ed; pero yo me hab\u00eda fortificado y me dijo: \u201cT\u00fa ves qu\u00e9 bien te sali\u00f3\u201d, y yo le dije: \u201cEso fue todo lo que usted me dijo\u201d, y me respondi\u00f3: \u201cPero \u00e9l que hiciste el hueco fuiste t\u00fa, porque t\u00fa estabas all\u00ed y sab\u00edas que hab\u00eda que hacerlo. Muy bien la cosa, te felicito\u201d.<\/p>\n\n\n\n<p>Como consecuencia de una explosi\u00f3n de una mina en Angola, yo tuve un pulm\u00f3n afectado y 13 fracturas, dentro de ellas ocho costillas; fracturas que me pinchaban el pulm\u00f3n y se me iba alojando la sangre en el pulm\u00f3n. Fracturas en caderas y en la pelvis\u2026 13 fracturas en el cuerpo. \u00c9l llamaba todos los d\u00edas y preguntaba: \u201c\u00bfQu\u00e9 hace falta?\u201d. Y cuando no hubo peligro, me trasladaron hacia Cuba. \u00c9l fue de los primeros que lleg\u00f3 al Hospital Naval a verme, me puso la mano en la frente y se sent\u00f3 al lado m\u00edo y empez\u00f3 a conversar, a preguntarme. Yo le contestaba y, como siempre, eso ayud\u00f3 much\u00edsimo, eso cur\u00f3 tanto como los m\u00e9dicos que estaban trat\u00e1ndome.<\/p>\n\n\n\n<p><strong><em>(Esta entrevista al general de cuerpo de ej\u00e9rcito Ram\u00f3n Espinosa Mart\u00edn, H\u00e9roe de la Rep\u00fablica de Cuba y viceministro de las FAR, fue realizada para el documental&nbsp;<\/em><\/strong><strong>El Fidel que yo conoc\u00ed<em>, una producci\u00f3n de los Estudios Mundo Latino que se trasmitir\u00e1 en estreno el pr\u00f3ximo 13 de agosto en el espacio&nbsp;<\/em>Mesa Redonda<em>&nbsp;de la Televisi\u00f3n Cubana).<\/em><\/strong><\/p>\n\n\n\n<div class=\"wp-block-image\"><figure class=\"aligncenter\"><img data-recalc-dims=\"1\" decoding=\"async\" src=\"https:\/\/i0.wp.com\/media.cubadebate.cu\/wp-content\/uploads\/2020\/08\/Fidel-el-que-yo-conoci.jpg?w=640\" alt=\"\" class=\"wp-image-1408015\"\/><\/figure><\/div>","protected":false},"excerpt":{"rendered":"<p>La primera vez que yo vi al Comandante fue en enero del 59, en CMQ, en una actividad en la que \u00e9l habl\u00f3 y all\u00ed nos dio la mano a todos los que est\u00e1bamos en la entrada. Fue la primera vez que lo vi en persona y estrech\u00e9 su mano. Y estando nosotros en el [&hellip;]<\/p>\n","protected":false},"author":3,"featured_media":358,"comment_status":"closed","ping_status":"open","sticky":false,"template":"","format":"standard","meta":{"nf_dc_page":"","om_disable_all_campaigns":false,"_uag_custom_page_level_css":"","_monsterinsights_skip_tracking":false,"_monsterinsights_sitenote_active":false,"_monsterinsights_sitenote_note":"","_monsterinsights_sitenote_category":0,"_jetpack_memberships_contains_paid_content":false,"footnotes":""},"categories":[5],"tags":[],"class_list":["post-357","post","type-post","status-publish","format-standard","has-post-thumbnail","hentry","category-cuba"],"jetpack_featured_media_url":"https:\/\/i0.wp.com\/fidelidadacuba.org\/wp-content\/uploads\/2020\/08\/0Fidel-espinosa-martin.jpg?fit=580%2C327&ssl=1","uagb_featured_image_src":{"full":["https:\/\/i0.wp.com\/fidelidadacuba.org\/wp-content\/uploads\/2020\/08\/0Fidel-espinosa-martin.jpg?fit=580%2C327&ssl=1",580,327,false],"thumbnail":["https:\/\/i0.wp.com\/fidelidadacuba.org\/wp-content\/uploads\/2020\/08\/0Fidel-espinosa-martin.jpg?resize=150%2C150&ssl=1",150,150,true],"medium":["https:\/\/i0.wp.com\/fidelidadacuba.org\/wp-content\/uploads\/2020\/08\/0Fidel-espinosa-martin.jpg?fit=300%2C169&ssl=1",300,169,true],"medium_large":["https:\/\/i0.wp.com\/fidelidadacuba.org\/wp-content\/uploads\/2020\/08\/0Fidel-espinosa-martin.jpg?fit=580%2C327&ssl=1",580,327,true],"large":["https:\/\/i0.wp.com\/fidelidadacuba.org\/wp-content\/uploads\/2020\/08\/0Fidel-espinosa-martin.jpg?fit=580%2C327&ssl=1",580,327,true],"gs-square-thumb":["https:\/\/i0.wp.com\/fidelidadacuba.org\/wp-content\/uploads\/2020\/08\/0Fidel-espinosa-martin.jpg?resize=420%2C327&ssl=1",420,327,true],"400x600":["https:\/\/i0.wp.com\/fidelidadacuba.org\/wp-content\/uploads\/2020\/08\/0Fidel-espinosa-martin.jpg?resize=400%2C327&ssl=1",400,327,true],"250x375":["https:\/\/i0.wp.com\/fidelidadacuba.org\/wp-content\/uploads\/2020\/08\/0Fidel-espinosa-martin.jpg?resize=250%2C327&ssl=1",250,327,true],"1536x1536":["https:\/\/i0.wp.com\/fidelidadacuba.org\/wp-content\/uploads\/2020\/08\/0Fidel-espinosa-martin.jpg?fit=580%2C327&ssl=1",580,327,true],"2048x2048":["https:\/\/i0.wp.com\/fidelidadacuba.org\/wp-content\/uploads\/2020\/08\/0Fidel-espinosa-martin.jpg?fit=580%2C327&ssl=1",580,327,true],"trp-custom-language-flag":["https:\/\/i0.wp.com\/fidelidadacuba.org\/wp-content\/uploads\/2020\/08\/0Fidel-espinosa-martin.jpg?fit=18%2C10&ssl=1",18,10,true],"power-magazine-slider":["https:\/\/i0.wp.com\/fidelidadacuba.org\/wp-content\/uploads\/2020\/08\/0Fidel-espinosa-martin.jpg?resize=580%2C327&ssl=1",580,327,true],"power-magazine-mixed":["https:\/\/i0.wp.com\/fidelidadacuba.org\/wp-content\/uploads\/2020\/08\/0Fidel-espinosa-martin.jpg?resize=194%2C194&ssl=1",194,194,true],"power-magazine-mixed-large":["https:\/\/i0.wp.com\/fidelidadacuba.org\/wp-content\/uploads\/2020\/08\/0Fidel-espinosa-martin.jpg?resize=360%2C212&ssl=1",360,212,true],"power-magazine-masonry-large":["https:\/\/i0.wp.com\/fidelidadacuba.org\/wp-content\/uploads\/2020\/08\/0Fidel-espinosa-martin.jpg?resize=360%2C327&ssl=1",360,327,true],"rpwe-thumbnail":["https:\/\/fidelidadacuba.org\/wp-content\/uploads\/2020\/08\/0Fidel-espinosa-martin.jpg",45,25,false]},"uagb_author_info":{"display_name":"Yhonny Garc\u00eca Calles","author_link":"https:\/\/fidelidadacuba.org\/en\/author\/yhonnyg\/"},"uagb_comment_info":0,"uagb_excerpt":"La primera vez que yo vi al Comandante fue en enero del 59, en CMQ, en una actividad en la que \u00e9l habl\u00f3 y all\u00ed nos dio la mano a todos los que est\u00e1bamos en la entrada. Fue la primera vez que lo vi en persona y estrech\u00e9 su mano. Y estando nosotros en el&hellip;","jetpack_sharing_enabled":true,"_links":{"self":[{"href":"https:\/\/fidelidadacuba.org\/en\/wp-json\/wp\/v2\/posts\/357","targetHints":{"allow":["GET"]}}],"collection":[{"href":"https:\/\/fidelidadacuba.org\/en\/wp-json\/wp\/v2\/posts"}],"about":[{"href":"https:\/\/fidelidadacuba.org\/en\/wp-json\/wp\/v2\/types\/post"}],"author":[{"embeddable":true,"href":"https:\/\/fidelidadacuba.org\/en\/wp-json\/wp\/v2\/users\/3"}],"replies":[{"embeddable":true,"href":"https:\/\/fidelidadacuba.org\/en\/wp-json\/wp\/v2\/comments?post=357"}],"version-history":[{"count":1,"href":"https:\/\/fidelidadacuba.org\/en\/wp-json\/wp\/v2\/posts\/357\/revisions"}],"predecessor-version":[{"id":359,"href":"https:\/\/fidelidadacuba.org\/en\/wp-json\/wp\/v2\/posts\/357\/revisions\/359"}],"wp:featuredmedia":[{"embeddable":true,"href":"https:\/\/fidelidadacuba.org\/en\/wp-json\/wp\/v2\/media\/358"}],"wp:attachment":[{"href":"https:\/\/fidelidadacuba.org\/en\/wp-json\/wp\/v2\/media?parent=357"}],"wp:term":[{"taxonomy":"category","embeddable":true,"href":"https:\/\/fidelidadacuba.org\/en\/wp-json\/wp\/v2\/categories?post=357"},{"taxonomy":"post_tag","embeddable":true,"href":"https:\/\/fidelidadacuba.org\/en\/wp-json\/wp\/v2\/tags?post=357"}],"curies":[{"name":"wp","href":"https:\/\/api.w.org\/{rel}","templated":true}]}}