{"id":354,"date":"2020-08-11T20:44:17","date_gmt":"2020-08-11T20:44:17","guid":{"rendered":"https:\/\/fidelidadacuba.org\/?p=354"},"modified":"2020-08-11T20:44:32","modified_gmt":"2020-08-11T20:44:32","slug":"maduro-saluda-aniversario-de-organizacion-estudiantil-latinoamericana","status":"publish","type":"post","link":"https:\/\/fidelidadacuba.org\/en\/maduro-saluda-aniversario-de-organizacion-estudiantil-latinoamericana\/","title":{"rendered":"Maduro saluda aniversario de organizaci\u00f3n estudiantil latinoamericana"},"content":{"rendered":"<p>Caracas, 11 ago (Prensa Latina) El presidente de Venezuela, Nicol\u00e1s Maduro, salud\u00f3 hoy a la Organizaci\u00f3n Continental Latinoamericana y Caribe\u00f1a de Estudiantes (Oclae) en ocasi\u00f3n de celebrarse el aniversario 54 de su fundaci\u00f3n.<br>A trav\u00e9s de la red social Twitter, el mandatario exhort\u00f3 a la comunidad estudiantil latinoamericana a continuar en &#8216;batalla permanente, resistiendo y ondeando en alto las banderas&#8217; del l\u00edder de la Revoluci\u00f3n cubana, Fidel Castro (1926-2016).<\/p>\n\n\n\n<p>&#8216;Celebramos 54 a\u00f1os de lucha y firmeza de la Oclae. Mi abrazo a esa juventud heroica que permanece unida, defendiendo el derecho a la educaci\u00f3n gratuita y de calidad, al servicio de los pueblos&#8217;, escribi\u00f3 el jefe de Estado en la plataforma comunicacional. Esta organizaci\u00f3n surgi\u00f3 el 11 de agosto de 1966 por acuerdo del IV Congreso Latinoamericano de Estudiantes, celebrado en La Habana, Cuba, como instancia movilizadora y coordinadora de las luchas antiimperialistas del movimiento estudiantil de Am\u00e9rica Latina y el Caribe.<\/p>\n\n\n\n<p>Desempe\u00f1\u00f3 un rol significativo en el impulso de las acciones por la reforma y democratizaci\u00f3n de la educaci\u00f3n, la erradicaci\u00f3n del analfabetismo, el desarrollo de la m\u00e1s firme unidad y de los v\u00ednculos de solidaridad entre los estudiantes del continente, por la conquista y defensa de sus leg\u00edtimos derechos y reivindicaciones.<\/p>\n\n\n\n<p>mem\/wup<\/p>","protected":false},"excerpt":{"rendered":"<p>Caracas, 11 ago (Prensa Latina) El presidente de Venezuela, Nicol\u00e1s Maduro, salud\u00f3 hoy a la Organizaci\u00f3n Continental Latinoamericana y Caribe\u00f1a de Estudiantes (Oclae) en ocasi\u00f3n de celebrarse el aniversario 54 de su fundaci\u00f3n.A trav\u00e9s de la red social Twitter, el mandatario exhort\u00f3 a la comunidad estudiantil latinoamericana a continuar en &#8216;batalla permanente, resistiendo y ondeando [&hellip;]<\/p>\n","protected":false},"author":3,"featured_media":355,"comment_status":"closed","ping_status":"open","sticky":false,"template":"","format":"standard","meta":{"nf_dc_page":"","om_disable_all_campaigns":false,"_uag_custom_page_level_css":"","_monsterinsights_skip_tracking":false,"_monsterinsights_sitenote_active":false,"_monsterinsights_sitenote_note":"","_monsterinsights_sitenote_category":0,"_jetpack_memberships_contains_paid_content":false,"footnotes":""},"categories":[5,3,6],"tags":[],"class_list":["post-354","post","type-post","status-publish","format-standard","has-post-thumbnail","hentry","category-cuba","category-noticias","category-venezuela"],"jetpack_featured_media_url":"https:\/\/i0.wp.com\/fidelidadacuba.org\/wp-content\/uploads\/2020\/08\/0Maduro-O-CLAE2.jpg?fit=748%2C498&ssl=1","uagb_featured_image_src":{"full":["https:\/\/i0.wp.com\/fidelidadacuba.org\/wp-content\/uploads\/2020\/08\/0Maduro-O-CLAE2.jpg?fit=748%2C498&ssl=1",748,498,false],"thumbnail":["https:\/\/i0.wp.com\/fidelidadacuba.org\/wp-content\/uploads\/2020\/08\/0Maduro-O-CLAE2.jpg?resize=150%2C150&ssl=1",150,150,true],"medium":["https:\/\/i0.wp.com\/fidelidadacuba.org\/wp-content\/uploads\/2020\/08\/0Maduro-O-CLAE2.jpg?fit=300%2C200&ssl=1",300,200,true],"medium_large":["https:\/\/i0.wp.com\/fidelidadacuba.org\/wp-content\/uploads\/2020\/08\/0Maduro-O-CLAE2.jpg?fit=640%2C426&ssl=1",640,426,true],"large":["https:\/\/i0.wp.com\/fidelidadacuba.org\/wp-content\/uploads\/2020\/08\/0Maduro-O-CLAE2.jpg?fit=640%2C426&ssl=1",640,426,true],"gs-square-thumb":["https:\/\/i0.wp.com\/fidelidadacuba.org\/wp-content\/uploads\/2020\/08\/0Maduro-O-CLAE2.jpg?resize=420%2C420&ssl=1",420,420,true],"400x600":["https:\/\/i0.wp.com\/fidelidadacuba.org\/wp-content\/uploads\/2020\/08\/0Maduro-O-CLAE2.jpg?resize=400%2C498&ssl=1",400,498,true],"250x375":["https:\/\/i0.wp.com\/fidelidadacuba.org\/wp-content\/uploads\/2020\/08\/0Maduro-O-CLAE2.jpg?resize=250%2C375&ssl=1",250,375,true],"1536x1536":["https:\/\/i0.wp.com\/fidelidadacuba.org\/wp-content\/uploads\/2020\/08\/0Maduro-O-CLAE2.jpg?fit=748%2C498&ssl=1",748,498,true],"2048x2048":["https:\/\/i0.wp.com\/fidelidadacuba.org\/wp-content\/uploads\/2020\/08\/0Maduro-O-CLAE2.jpg?fit=748%2C498&ssl=1",748,498,true],"trp-custom-language-flag":["https:\/\/i0.wp.com\/fidelidadacuba.org\/wp-content\/uploads\/2020\/08\/0Maduro-O-CLAE2.jpg?fit=18%2C12&ssl=1",18,12,true],"power-magazine-slider":["https:\/\/i0.wp.com\/fidelidadacuba.org\/wp-content\/uploads\/2020\/08\/0Maduro-O-CLAE2.jpg?resize=748%2C498&ssl=1",748,498,true],"power-magazine-mixed":["https:\/\/i0.wp.com\/fidelidadacuba.org\/wp-content\/uploads\/2020\/08\/0Maduro-O-CLAE2.jpg?resize=194%2C194&ssl=1",194,194,true],"power-magazine-mixed-large":["https:\/\/i0.wp.com\/fidelidadacuba.org\/wp-content\/uploads\/2020\/08\/0Maduro-O-CLAE2.jpg?resize=360%2C212&ssl=1",360,212,true],"power-magazine-masonry-large":["https:\/\/i0.wp.com\/fidelidadacuba.org\/wp-content\/uploads\/2020\/08\/0Maduro-O-CLAE2.jpg?resize=360%2C440&ssl=1",360,440,true],"rpwe-thumbnail":["https:\/\/fidelidadacuba.org\/wp-content\/uploads\/2020\/08\/0Maduro-O-CLAE2.jpg",45,30,false]},"uagb_author_info":{"display_name":"Yhonny Garc\u00eca Calles","author_link":"https:\/\/fidelidadacuba.org\/en\/author\/yhonnyg\/"},"uagb_comment_info":0,"uagb_excerpt":"Caracas, 11 ago (Prensa Latina) El presidente de Venezuela, Nicol\u00e1s Maduro, salud\u00f3 hoy a la Organizaci\u00f3n Continental Latinoamericana y Caribe\u00f1a de Estudiantes (Oclae) en ocasi\u00f3n de celebrarse el aniversario 54 de su fundaci\u00f3n.A trav\u00e9s de la red social Twitter, el mandatario exhort\u00f3 a la comunidad estudiantil latinoamericana a continuar en &#8216;batalla permanente, resistiendo y ondeando&hellip;","jetpack_sharing_enabled":true,"_links":{"self":[{"href":"https:\/\/fidelidadacuba.org\/en\/wp-json\/wp\/v2\/posts\/354","targetHints":{"allow":["GET"]}}],"collection":[{"href":"https:\/\/fidelidadacuba.org\/en\/wp-json\/wp\/v2\/posts"}],"about":[{"href":"https:\/\/fidelidadacuba.org\/en\/wp-json\/wp\/v2\/types\/post"}],"author":[{"embeddable":true,"href":"https:\/\/fidelidadacuba.org\/en\/wp-json\/wp\/v2\/users\/3"}],"replies":[{"embeddable":true,"href":"https:\/\/fidelidadacuba.org\/en\/wp-json\/wp\/v2\/comments?post=354"}],"version-history":[{"count":1,"href":"https:\/\/fidelidadacuba.org\/en\/wp-json\/wp\/v2\/posts\/354\/revisions"}],"predecessor-version":[{"id":356,"href":"https:\/\/fidelidadacuba.org\/en\/wp-json\/wp\/v2\/posts\/354\/revisions\/356"}],"wp:featuredmedia":[{"embeddable":true,"href":"https:\/\/fidelidadacuba.org\/en\/wp-json\/wp\/v2\/media\/355"}],"wp:attachment":[{"href":"https:\/\/fidelidadacuba.org\/en\/wp-json\/wp\/v2\/media?parent=354"}],"wp:term":[{"taxonomy":"category","embeddable":true,"href":"https:\/\/fidelidadacuba.org\/en\/wp-json\/wp\/v2\/categories?post=354"},{"taxonomy":"post_tag","embeddable":true,"href":"https:\/\/fidelidadacuba.org\/en\/wp-json\/wp\/v2\/tags?post=354"}],"curies":[{"name":"wp","href":"https:\/\/api.w.org\/{rel}","templated":true}]}}