{"id":351,"date":"2020-08-11T20:38:43","date_gmt":"2020-08-11T20:38:43","guid":{"rendered":"https:\/\/fidelidadacuba.org\/?p=351"},"modified":"2020-08-11T20:38:56","modified_gmt":"2020-08-11T20:38:56","slug":"dominicanos-amigos-de-cuba-y-venezuela-abogan-por-la-unidad-regional","status":"publish","type":"post","link":"https:\/\/fidelidadacuba.org\/en\/dominicanos-amigos-de-cuba-y-venezuela-abogan-por-la-unidad-regional\/","title":{"rendered":"Dominicanos amigos de Cuba y Venezuela abogan por la unidad regional"},"content":{"rendered":"<p>Santo Domingo, 11 ago (Prensa Latina) La Campa\u00f1a Dominicana de Solidaridad con Cuba y los amigos de Venezuela, abogaron hoy por la unidad de los pueblos latinoamericanos y caribe\u00f1os, y el apego del nuevo gobierno al Derecho Internacional.<br>En carta dirigida al presidente electo, Luis Abinader, y entregada este martes en sus oficinas temporales de la Zona Colonial, los firmantes le expresaron preocupaci\u00f3n con respecto al tema Venezuela.<\/p>\n\n\n\n<p>Recordaron al nuevo mandatario que en su discurso de campa\u00f1a plante\u00f3 varias veces sus diferencias con el presidente constitucional de Venezuela, Nicol\u00e1s Maduro, llegando a sugerir al gobierno del pa\u00eds ser mucho m\u00e1s en\u00e9rgico frente a este, y procediera a reconocer al autoproclamado presidente, Juan Guaid\u00f3.<\/p>\n\n\n\n<p>Ahora bien, precis\u00f3 la misiva, &#8216;todo eso lo dijo el candidato, hoy usted es el presidente electo de la naci\u00f3n y como tal debe representar a los dominicanos todos y a la naci\u00f3n misma conforme al Derecho Internacional, y resulta -independientemente de lo que quiera y disponga el gobierno de los Estados Unidos-, el presidente venezolano es Maduro.<\/p>\n\n\n\n<p>Por tanto, no reconocer al presidente constitucional de una naci\u00f3n hermana, amiga y solidaria, es colocarnos de espaldas al Derecho Internacional y de un pueblo que ha sido amigo siempre del nuestro, agreg\u00f3.<\/p>\n\n\n\n<p>Adem\u00e1s, &#8216;dar carta en blanco a la potencia del norte para que siga haciendo lo mismo con otra naci\u00f3n del hemisferio, cuando asuma camino propio,no escuchando dict\u00e1menes de aquella potencia, es facilitar el camino para una intervenci\u00f3n, es aprobar un bloqueo criminal y unilateral contra un pueblo que decidi\u00f3 trillar su propio camino&#8217;.<\/p>\n\n\n\n<p>Finalmente, la Campa\u00f1a y amigos del pa\u00eds suramericano, manifestaron: &#8216;lo correcto es que el nuevo gobierno invite para la toma de posesi\u00f3n del pr\u00f3ximo 16 de agosto al Presidente Constitucional de Venezuela, como expresi\u00f3n de respeto a la autodeterminaci\u00f3n de los pueblos a darse el gobierno que libremente decida, por su propia soberan\u00eda&#8217;.<\/p>\n\n\n\n<p>Nuestro pueblo ha expresado solidaridad militante a los venezolanos apoyando su derecho a trillar un camino propio y en nuestro caso, defendemos el derecho del pueblo a decidir su destino, respetamos las diferencias y siempre reclamamos respeto para el nuestro, por tanto, del mismo modo nos expresamos frente a los dem\u00e1s, concluy\u00f3 la carta.<\/p>\n\n\n\n<p>mem\/ema<\/p>","protected":false},"excerpt":{"rendered":"<p>Santo Domingo, 11 ago (Prensa Latina) La Campa\u00f1a Dominicana de Solidaridad con Cuba y los amigos de Venezuela, abogaron hoy por la unidad de los pueblos latinoamericanos y caribe\u00f1os, y el apego del nuevo gobierno al Derecho Internacional.En carta dirigida al presidente electo, Luis Abinader, y entregada este martes en sus oficinas temporales de la [&hellip;]<\/p>\n","protected":false},"author":3,"featured_media":352,"comment_status":"closed","ping_status":"open","sticky":false,"template":"","format":"standard","meta":{"nf_dc_page":"","om_disable_all_campaigns":false,"_uag_custom_page_level_css":"","_monsterinsights_skip_tracking":false,"_monsterinsights_sitenote_active":false,"_monsterinsights_sitenote_note":"","_monsterinsights_sitenote_category":0,"_jetpack_memberships_contains_paid_content":false,"footnotes":""},"categories":[5,3,6],"tags":[],"class_list":["post-351","post","type-post","status-publish","format-standard","has-post-thumbnail","hentry","category-cuba","category-noticias","category-venezuela"],"jetpack_featured_media_url":"https:\/\/i0.wp.com\/fidelidadacuba.org\/wp-content\/uploads\/2020\/08\/0-dominicana.jpg?fit=748%2C498&ssl=1","uagb_featured_image_src":{"full":["https:\/\/i0.wp.com\/fidelidadacuba.org\/wp-content\/uploads\/2020\/08\/0-dominicana.jpg?fit=748%2C498&ssl=1",748,498,false],"thumbnail":["https:\/\/i0.wp.com\/fidelidadacuba.org\/wp-content\/uploads\/2020\/08\/0-dominicana.jpg?resize=150%2C150&ssl=1",150,150,true],"medium":["https:\/\/i0.wp.com\/fidelidadacuba.org\/wp-content\/uploads\/2020\/08\/0-dominicana.jpg?fit=300%2C200&ssl=1",300,200,true],"medium_large":["https:\/\/i0.wp.com\/fidelidadacuba.org\/wp-content\/uploads\/2020\/08\/0-dominicana.jpg?fit=640%2C426&ssl=1",640,426,true],"large":["https:\/\/i0.wp.com\/fidelidadacuba.org\/wp-content\/uploads\/2020\/08\/0-dominicana.jpg?fit=640%2C426&ssl=1",640,426,true],"gs-square-thumb":["https:\/\/i0.wp.com\/fidelidadacuba.org\/wp-content\/uploads\/2020\/08\/0-dominicana.jpg?resize=420%2C420&ssl=1",420,420,true],"400x600":["https:\/\/i0.wp.com\/fidelidadacuba.org\/wp-content\/uploads\/2020\/08\/0-dominicana.jpg?resize=400%2C498&ssl=1",400,498,true],"250x375":["https:\/\/i0.wp.com\/fidelidadacuba.org\/wp-content\/uploads\/2020\/08\/0-dominicana.jpg?resize=250%2C375&ssl=1",250,375,true],"1536x1536":["https:\/\/i0.wp.com\/fidelidadacuba.org\/wp-content\/uploads\/2020\/08\/0-dominicana.jpg?fit=748%2C498&ssl=1",748,498,true],"2048x2048":["https:\/\/i0.wp.com\/fidelidadacuba.org\/wp-content\/uploads\/2020\/08\/0-dominicana.jpg?fit=748%2C498&ssl=1",748,498,true],"trp-custom-language-flag":["https:\/\/i0.wp.com\/fidelidadacuba.org\/wp-content\/uploads\/2020\/08\/0-dominicana.jpg?fit=18%2C12&ssl=1",18,12,true],"power-magazine-slider":["https:\/\/i0.wp.com\/fidelidadacuba.org\/wp-content\/uploads\/2020\/08\/0-dominicana.jpg?resize=748%2C498&ssl=1",748,498,true],"power-magazine-mixed":["https:\/\/i0.wp.com\/fidelidadacuba.org\/wp-content\/uploads\/2020\/08\/0-dominicana.jpg?resize=194%2C194&ssl=1",194,194,true],"power-magazine-mixed-large":["https:\/\/i0.wp.com\/fidelidadacuba.org\/wp-content\/uploads\/2020\/08\/0-dominicana.jpg?resize=360%2C212&ssl=1",360,212,true],"power-magazine-masonry-large":["https:\/\/i0.wp.com\/fidelidadacuba.org\/wp-content\/uploads\/2020\/08\/0-dominicana.jpg?resize=360%2C440&ssl=1",360,440,true],"rpwe-thumbnail":["https:\/\/fidelidadacuba.org\/wp-content\/uploads\/2020\/08\/0-dominicana.jpg",45,30,false]},"uagb_author_info":{"display_name":"Yhonny Garc\u00eca Calles","author_link":"https:\/\/fidelidadacuba.org\/en\/author\/yhonnyg\/"},"uagb_comment_info":0,"uagb_excerpt":"Santo Domingo, 11 ago (Prensa Latina) La Campa\u00f1a Dominicana de Solidaridad con Cuba y los amigos de Venezuela, abogaron hoy por la unidad de los pueblos latinoamericanos y caribe\u00f1os, y el apego del nuevo gobierno al Derecho Internacional.En carta dirigida al presidente electo, Luis Abinader, y entregada este martes en sus oficinas temporales de la&hellip;","jetpack_sharing_enabled":true,"_links":{"self":[{"href":"https:\/\/fidelidadacuba.org\/en\/wp-json\/wp\/v2\/posts\/351","targetHints":{"allow":["GET"]}}],"collection":[{"href":"https:\/\/fidelidadacuba.org\/en\/wp-json\/wp\/v2\/posts"}],"about":[{"href":"https:\/\/fidelidadacuba.org\/en\/wp-json\/wp\/v2\/types\/post"}],"author":[{"embeddable":true,"href":"https:\/\/fidelidadacuba.org\/en\/wp-json\/wp\/v2\/users\/3"}],"replies":[{"embeddable":true,"href":"https:\/\/fidelidadacuba.org\/en\/wp-json\/wp\/v2\/comments?post=351"}],"version-history":[{"count":1,"href":"https:\/\/fidelidadacuba.org\/en\/wp-json\/wp\/v2\/posts\/351\/revisions"}],"predecessor-version":[{"id":353,"href":"https:\/\/fidelidadacuba.org\/en\/wp-json\/wp\/v2\/posts\/351\/revisions\/353"}],"wp:featuredmedia":[{"embeddable":true,"href":"https:\/\/fidelidadacuba.org\/en\/wp-json\/wp\/v2\/media\/352"}],"wp:attachment":[{"href":"https:\/\/fidelidadacuba.org\/en\/wp-json\/wp\/v2\/media?parent=351"}],"wp:term":[{"taxonomy":"category","embeddable":true,"href":"https:\/\/fidelidadacuba.org\/en\/wp-json\/wp\/v2\/categories?post=351"},{"taxonomy":"post_tag","embeddable":true,"href":"https:\/\/fidelidadacuba.org\/en\/wp-json\/wp\/v2\/tags?post=351"}],"curies":[{"name":"wp","href":"https:\/\/api.w.org\/{rel}","templated":true}]}}