{"id":348,"date":"2020-08-11T13:13:55","date_gmt":"2020-08-11T13:13:55","guid":{"rendered":"https:\/\/fidelidadacuba.org\/?p=348"},"modified":"2020-08-11T13:14:10","modified_gmt":"2020-08-11T13:14:10","slug":"nobel-de-la-paz-para-medicos-de-cuba-peticion-que-crece-en-francia","status":"publish","type":"post","link":"https:\/\/fidelidadacuba.org\/en\/nobel-de-la-paz-para-medicos-de-cuba-peticion-que-crece-en-francia\/","title":{"rendered":"Nobel de la Paz para m\u00e9dicos de Cuba, petici\u00f3n que crece en Francia"},"content":{"rendered":"<p>Por Waldo Mendiluza *<\/p>\n\n\n\n<p>Par\u00eds (Prensa Latina) Desde diversos sectores de la sociedad francesa crecen las voces que abogan por la entrega del Premio Nobel de la Paz a las brigadas m\u00e9dicas cubanas Henry Reeve por su aporte a escala global en la lucha contra la Covid-19.<br>A finales de abril, organizaciones de solidaridad con la isla lanzaron una campa\u00f1a para solicitar el reconocimiento al contingente creado en 2005, con el prop\u00f3sito de ayudar a otros pueblos golpeados por terremotos, huracanes y epidemias, que en el actual contexto del azote del coronavirus SARS-CoV-2 ha llevado a miles de profesionales de la salud a m\u00e1s de 30 pa\u00edses, entre ellos de Europa.<\/p>\n\n\n\n<p>Con el paso de los meses, la iniciativa defendida por asociaciones como Cuba Linda, France Cuba, Cuba Coop\u00e9ration France y Cuba Si France se convirti\u00f3 en una causa defendida por parlamentarios, pol\u00edticos, intelectuales, sindicalistas y ciudadanos.<\/p>\n\n\n\n<p>Prensa Latina dialog\u00f3 con varios impulsores de la petici\u00f3n de otorgar el Nobel de la Paz 2021 a los galenos de la mayor de las Antillas, una demanda que para el diputado ecologista por el sure\u00f1o departamento de Bocas de R\u00f3dano, Fran\u00e7ois-Michel Lambert, resulta f\u00e1cil argumentar.<\/p>\n\n\n\n<p>Cuba y sus m\u00e9dicos salvan vidas por todo el mundo, eso nadie puede ocultarlo, tampoco el ejemplo de solidaridad internacional en materia de salud que representan, subray\u00f3.<\/p>\n\n\n\n<p>De acuerdo con el presidente del Grupo de Amistad Francia Cuba en la Asamblea Nacional, la ayuda en tiempos de la Covid-19 es continuidad de la realizada en muchas partes del planeta durante d\u00e9cadas, pese a las limitaciones que el bloqueo econ\u00f3mico de Estados Unidos impone a la isla, dificultades agravadas por la actual administraci\u00f3n en la Casa Blanca.<\/p>\n\n\n\n<p>&#8216;Necesitamos que el mundo sepa la verdad y reconozca con el Nobel a los m\u00e9dicos de Cuba, en medio de tantas presiones de Estados Unidos&#8217;, dijo.<\/p>\n\n\n\n<p>Tambi\u00e9n el l\u00edder parlamentario Andr\u00e9 Chassaigne consider\u00f3 a las brigadas Henry Reeve merecedoras del premio, por su contribuci\u00f3n a otros pueblos en el combate a la pandemia y por la trayectoria solidaria de Cuba desde el triunfo de su Revoluci\u00f3n.<\/p>\n\n\n\n<p>No es algo coyuntural, la isla ha enviado m\u00e9dicos a muchas naciones y sus investigadores han aportado productos de gran utilidad para combatir enfermedades, como el Interfer\u00f3n Alfa 2b y el Heberprot-P, afirm\u00f3 el diputado por el central departamento de Puy-de-Dome y presidente del Grupo de la Izquierda Dem\u00f3crata y Republicana en la Asamblea.<\/p>\n\n\n\n<p>El miembro del Partido Comunista Franc\u00e9s (PCF) manifest\u00f3 que el apoyo m\u00e9dico de la mayor de las Antillas contrasta con la tendencia general apreciada durante la Covid-19 de dirigir los esfuerzos hacia el \u00e1mbito nacional.<\/p>\n\n\n\n<p>Sus brigadas son un ejemplo de la solidaridad que deber\u00eda prevalecer en el planeta en estos tiempos, pero en realidad no es lo que hemos visto, en particular en Europa, lament\u00f3.<\/p>\n\n\n\n<p>La correligionaria de Chassaigne y responsable del Sector Internacional del PCF, Lydia Samarbakhsh, coincidi\u00f3 en la justeza de entregar el Nobel de la Paz a los profesionales de la salud cubanos.<\/p>\n\n\n\n<p>Los comunistas franceses nos sumamos al pedido, porque la cooperaci\u00f3n desplegada por la isla frente a la pandemia da continuidad al principio del internacionalismo abrazado por su Revoluci\u00f3n y se enmarca en la meta de hacer valer el derecho fundamental de un acceso de calidad a la atenci\u00f3n de salud, asegur\u00f3.<\/p>\n\n\n\n<p>Samarbakhsh detall\u00f3 que en tiempos de la Covid-19, Cuba se distingue de otros pa\u00edses por su compromiso y voluntad de ayudar, una postura excepcional si se tiene en cuenta que todav\u00eda sufre el bloqueo ilegal impuesto por Estados Unidos desde hace seis d\u00e9cadas.<\/p>\n\n\n\n<p>Pese al bloqueo, ese pueblo es capaz de enviar a m\u00e9dicos muy competentes a decenas de naciones, mientras otros tratan de dividir y enfrentar a los seres humanos, advirti\u00f3 la miembro del Comit\u00e9 Ejecutivo Nacional del PCF.<\/p>\n\n\n\n<p>INTELECTUALES, SINDICATOS Y CIUDADANOS<\/p>\n\n\n\n<p>Intelectuales como Salim Lamrani e Ignacio Ramonet sumaron sus voces a la solicitud, que miles de franceses apoyan desde varias organizaciones y desde una plataforma que incluye un grupo de Facebook y una petici\u00f3n registrada en el sitio MesOpinions.com.<\/p>\n\n\n\n<p>La m\u00e1xima del pr\u00f3cer independentista Jos\u00e9 Mart\u00ed Patria es Humanidad gu\u00eda la labor solidaria de los m\u00e9dicos cubanos que por el mundo enfrentan la Covid-19, abund\u00f3 el acad\u00e9mico y ensayista Lamrani.<\/p>\n\n\n\n<p>&#8216;\u00bfC\u00f3mo no sentir admiraci\u00f3n para con quienes se colocan en primera fila en lejanas tierras para combatir la enfermedad poniendo en riesgo la propia salud y reivindicando estetoscopio en mano que Patria es humanidad?&#8217;, insisti\u00f3 en un mensaje al pueblo de la isla.<\/p>\n\n\n\n<p>El profesor de la Universidad de La R\u00e9union coment\u00f3 a Prensa Latina que sus palabras sintetizan sus sentimientos hacia los profesionales de la salud de la mayor de las Antillas, a quienes consider\u00f3 merecedores del premio Nobel de la Paz. Por su parte, Ramonet contrast\u00f3 las posturas de Cuba y Estados Unidos frente a la Covid-19, pandemia ante la cual la isla refuerza su solidaridad internacional y Washington recrudece su bloqueo.<\/p>\n\n\n\n<p>Vemos una enorme diferencia entre una y otra posici\u00f3n, en medio de la pandemia Cuba env\u00eda brigadas m\u00e9dicas a decenas de pa\u00edses en un gesto solidario y generoso, mientras Estados Unidos trata de bloquearla a\u00fan m\u00e1s, expuso.<\/p>\n\n\n\n<p>Desde el \u00e1mbito sindical, el dirigente local de la Confederaci\u00f3n General del Trabajo (CGT) C\u00e9dric Quintin calific\u00f3 a los profesionales de la salud del pa\u00eds caribe\u00f1o de valerosos, y de excepcional su labor frente a la Covid-19.<\/p>\n\n\n\n<p>Para el secretario general de la Uni\u00f3n Departamental de Valle del Marne, van de la mano los esfuerzos a favor del reconocimiento con el Nobel de la Paz a las brigadas Henry Reeve y contra el bloqueo de Estados Unidos.<\/p>\n\n\n\n<p>En ese sentido, resalt\u00f3 la unidad de acci\u00f3n en Francia entre los movimientos asociativo y sindical en solidaridad con la mayor de las Antillas.<\/p>\n\n\n\n<p>arb\/wmr<\/p>\n\n\n\n<p>*Corresponsal de Prensa Latina en Francia<\/p>","protected":false},"excerpt":{"rendered":"<p>Por Waldo Mendiluza * Par\u00eds (Prensa Latina) Desde diversos sectores de la sociedad francesa crecen las voces que abogan por la entrega del Premio Nobel de la Paz a las brigadas m\u00e9dicas cubanas Henry Reeve por su aporte a escala global en la lucha contra la Covid-19.A finales de abril, organizaciones de solidaridad con la [&hellip;]<\/p>\n","protected":false},"author":3,"featured_media":349,"comment_status":"closed","ping_status":"open","sticky":false,"template":"","format":"standard","meta":{"nf_dc_page":"","om_disable_all_campaigns":false,"_uag_custom_page_level_css":"","_monsterinsights_skip_tracking":false,"_monsterinsights_sitenote_active":false,"_monsterinsights_sitenote_note":"","_monsterinsights_sitenote_category":0,"_jetpack_memberships_contains_paid_content":false,"footnotes":""},"categories":[5,3,6],"tags":[],"class_list":["post-348","post","type-post","status-publish","format-standard","has-post-thumbnail","hentry","category-cuba","category-noticias","category-venezuela"],"jetpack_featured_media_url":"https:\/\/i0.wp.com\/fidelidadacuba.org\/wp-content\/uploads\/2020\/08\/0-lam-cuba-fra-medicos.jpg?fit=748%2C498&ssl=1","uagb_featured_image_src":{"full":["https:\/\/i0.wp.com\/fidelidadacuba.org\/wp-content\/uploads\/2020\/08\/0-lam-cuba-fra-medicos.jpg?fit=748%2C498&ssl=1",748,498,false],"thumbnail":["https:\/\/i0.wp.com\/fidelidadacuba.org\/wp-content\/uploads\/2020\/08\/0-lam-cuba-fra-medicos.jpg?resize=150%2C150&ssl=1",150,150,true],"medium":["https:\/\/i0.wp.com\/fidelidadacuba.org\/wp-content\/uploads\/2020\/08\/0-lam-cuba-fra-medicos.jpg?fit=300%2C200&ssl=1",300,200,true],"medium_large":["https:\/\/i0.wp.com\/fidelidadacuba.org\/wp-content\/uploads\/2020\/08\/0-lam-cuba-fra-medicos.jpg?fit=640%2C426&ssl=1",640,426,true],"large":["https:\/\/i0.wp.com\/fidelidadacuba.org\/wp-content\/uploads\/2020\/08\/0-lam-cuba-fra-medicos.jpg?fit=640%2C426&ssl=1",640,426,true],"gs-square-thumb":["https:\/\/i0.wp.com\/fidelidadacuba.org\/wp-content\/uploads\/2020\/08\/0-lam-cuba-fra-medicos.jpg?resize=420%2C420&ssl=1",420,420,true],"400x600":["https:\/\/i0.wp.com\/fidelidadacuba.org\/wp-content\/uploads\/2020\/08\/0-lam-cuba-fra-medicos.jpg?resize=400%2C498&ssl=1",400,498,true],"250x375":["https:\/\/i0.wp.com\/fidelidadacuba.org\/wp-content\/uploads\/2020\/08\/0-lam-cuba-fra-medicos.jpg?resize=250%2C375&ssl=1",250,375,true],"1536x1536":["https:\/\/i0.wp.com\/fidelidadacuba.org\/wp-content\/uploads\/2020\/08\/0-lam-cuba-fra-medicos.jpg?fit=748%2C498&ssl=1",748,498,true],"2048x2048":["https:\/\/i0.wp.com\/fidelidadacuba.org\/wp-content\/uploads\/2020\/08\/0-lam-cuba-fra-medicos.jpg?fit=748%2C498&ssl=1",748,498,true],"trp-custom-language-flag":["https:\/\/i0.wp.com\/fidelidadacuba.org\/wp-content\/uploads\/2020\/08\/0-lam-cuba-fra-medicos.jpg?fit=18%2C12&ssl=1",18,12,true],"power-magazine-slider":["https:\/\/i0.wp.com\/fidelidadacuba.org\/wp-content\/uploads\/2020\/08\/0-lam-cuba-fra-medicos.jpg?resize=748%2C498&ssl=1",748,498,true],"power-magazine-mixed":["https:\/\/i0.wp.com\/fidelidadacuba.org\/wp-content\/uploads\/2020\/08\/0-lam-cuba-fra-medicos.jpg?resize=194%2C194&ssl=1",194,194,true],"power-magazine-mixed-large":["https:\/\/i0.wp.com\/fidelidadacuba.org\/wp-content\/uploads\/2020\/08\/0-lam-cuba-fra-medicos.jpg?resize=360%2C212&ssl=1",360,212,true],"power-magazine-masonry-large":["https:\/\/i0.wp.com\/fidelidadacuba.org\/wp-content\/uploads\/2020\/08\/0-lam-cuba-fra-medicos.jpg?resize=360%2C440&ssl=1",360,440,true],"rpwe-thumbnail":["https:\/\/fidelidadacuba.org\/wp-content\/uploads\/2020\/08\/0-lam-cuba-fra-medicos.jpg",45,30,false]},"uagb_author_info":{"display_name":"Yhonny Garc\u00eca Calles","author_link":"https:\/\/fidelidadacuba.org\/en\/author\/yhonnyg\/"},"uagb_comment_info":0,"uagb_excerpt":"Por Waldo Mendiluza * Par\u00eds (Prensa Latina) Desde diversos sectores de la sociedad francesa crecen las voces que abogan por la entrega del Premio Nobel de la Paz a las brigadas m\u00e9dicas cubanas Henry Reeve por su aporte a escala global en la lucha contra la Covid-19.A finales de abril, organizaciones de solidaridad con la&hellip;","jetpack_sharing_enabled":true,"_links":{"self":[{"href":"https:\/\/fidelidadacuba.org\/en\/wp-json\/wp\/v2\/posts\/348","targetHints":{"allow":["GET"]}}],"collection":[{"href":"https:\/\/fidelidadacuba.org\/en\/wp-json\/wp\/v2\/posts"}],"about":[{"href":"https:\/\/fidelidadacuba.org\/en\/wp-json\/wp\/v2\/types\/post"}],"author":[{"embeddable":true,"href":"https:\/\/fidelidadacuba.org\/en\/wp-json\/wp\/v2\/users\/3"}],"replies":[{"embeddable":true,"href":"https:\/\/fidelidadacuba.org\/en\/wp-json\/wp\/v2\/comments?post=348"}],"version-history":[{"count":1,"href":"https:\/\/fidelidadacuba.org\/en\/wp-json\/wp\/v2\/posts\/348\/revisions"}],"predecessor-version":[{"id":350,"href":"https:\/\/fidelidadacuba.org\/en\/wp-json\/wp\/v2\/posts\/348\/revisions\/350"}],"wp:featuredmedia":[{"embeddable":true,"href":"https:\/\/fidelidadacuba.org\/en\/wp-json\/wp\/v2\/media\/349"}],"wp:attachment":[{"href":"https:\/\/fidelidadacuba.org\/en\/wp-json\/wp\/v2\/media?parent=348"}],"wp:term":[{"taxonomy":"category","embeddable":true,"href":"https:\/\/fidelidadacuba.org\/en\/wp-json\/wp\/v2\/categories?post=348"},{"taxonomy":"post_tag","embeddable":true,"href":"https:\/\/fidelidadacuba.org\/en\/wp-json\/wp\/v2\/tags?post=348"}],"curies":[{"name":"wp","href":"https:\/\/api.w.org\/{rel}","templated":true}]}}