{"id":345,"date":"2020-08-11T13:07:43","date_gmt":"2020-08-11T13:07:43","guid":{"rendered":"https:\/\/fidelidadacuba.org\/?p=345"},"modified":"2020-08-11T13:07:57","modified_gmt":"2020-08-11T13:07:57","slug":"fidel-castro-cumpliendo-anos-de-humanidad-y-de-internacionalismo","status":"publish","type":"post","link":"https:\/\/fidelidadacuba.org\/en\/fidel-castro-cumpliendo-anos-de-humanidad-y-de-internacionalismo\/","title":{"rendered":"Fidel Castro: Cumpliendo A\u00f1os de Humanidad y de Internacionalismo"},"content":{"rendered":"<p>Por Jorge Vera Castillo * (Para Prensa Latina)<br>Santiago de Chile (Prensa Latina) Es desafiante tarea recordar, y hacerlo desde Chile, al Comandante en Jefe Fidel Castro Ruz unido a la hist\u00f3rica visita de 1971, durante el Gobierno Popular del presidente Salvador Allende Gossens, su anfitri\u00f3n y siempre receptor de la amistosa humanidad del eminente revolucionario.<br>Son innumerables las posibilidades para abordar, bajo distintos enfoques personales, el recuerdo imperecedero del Comandante Fidel Castro Ruz cada 13 de agosto, con una perspectiva que lo visualiza en el extremo sur de nuestra regi\u00f3n, desde un pa\u00eds con el que estableci\u00f3 muy singular cercan\u00eda y relaci\u00f3n.&nbsp;<img data-recalc-dims=\"1\" decoding=\"async\" src=\"https:\/\/i0.wp.com\/www.prensa-latina.cu\/images\/2020\/agosto\/11\/1-lam-fc-chile-d.jpg?w=640&#038;ssl=1\" alt=\"\"><br>Aquella su hist\u00f3rica visita, recorriendo la &#8216;larga y angosta faja\u2026 de loca geograf\u00eda&#8217; en todo su centro metropolitano, en su norte des\u00e9rtico y minero -Antofagasta, Chuquicamata e Iquique-; en su centro sur -Concepci\u00f3n, Lota y Tom\u00e9-, y en su sur agr\u00edcola, lacustre y cercano a los confines ant\u00e1rticos, del 10 de noviembre al 4 de diciembre de 1971.<\/p>\n\n\n\n<p>Al a\u00f1o siguiente, el Comandante Fidel Castro Ruz realizaba su ic\u00f3nica gira por pa\u00edses de \u00c1frica -Guinea, Sierra Leona y Argelia- y de Europa Oriental, visitando sus seis pa\u00edses socialistas y la Uni\u00f3n Sovi\u00e9tica, desde el 3 de mayo hasta el 5 de julio de 1972, la que podr\u00eda sintetizarse, en retrospectiva de esos a\u00f1os en la arena internacional, que el futuro era el Internacionalismo.<\/p>\n\n\n\n<p>En Conakry, Freetown y Argel lo escucharon y admiraron a su paso. La Rep\u00fablica Popular de Angola, descolonizada y liberada, y otro notable, su amigo Nelson Mandela, lo comprobar\u00edan.<\/p>\n\n\n\n<p>El Comandante lo prefiguraba: &#8216;En las pr\u00f3ximas horas nosotros iniciamos un prolongado viaje en el exterior de nuestro pa\u00eds\u2026 Nuestras relaciones internacionales, el nivel de esas relaciones, el magn\u00edfico estado actual de nuestras relaciones con el movimiento revolucionario, con los pa\u00edses socialistas, y entre los pa\u00edses socialistas muy especialmente con la Uni\u00f3n Sovi\u00e9tica, los intereses de nuestro pa\u00eds y los intereses del campo socialista, requieren inevitablemente la cumplimentaci\u00f3n de las invitaciones que hemos recibido reiteradamente durante a\u00f1os (\u2026)<\/p>\n\n\n\n<p>&#8216;Para nosotros, aunque el viaje sea largo y arduo, es adem\u00e1s un viaje de contenido revolucionario, de contenido humano, de fraternal esp\u00edritu con relaci\u00f3n a los partidos y a los pueblos de los pa\u00edses que vamos a visitar. Y marcharemos gustosamente a cumplir nuestro trabajo&#8217;.<\/p>\n\n\n\n<p>Hoy recordamos a quien Ernesto &#8216;Che&#8217; Guevara, en su art\u00edculo del 9 de abril de 1961 &#8216;Cuba, \u00bfExcepci\u00f3n hist\u00f3rica o vanguardia en la lucha anticolonialista?&#8217;, en la revista Verde Olivo, ya lo identificaba: &#8216;Esa fuerza tel\u00farica llamada Fidel Castro Ruz, nombre que en pocos a\u00f1os ha alcanzado proyecciones hist\u00f3ricas&#8217;.<\/p>\n\n\n\n<p>Y fue premonitorio, cuando agreg\u00f3, enseguida: &#8216;El futuro colocar\u00e1 en su lugar exacto los m\u00e9ritos de nuestro Primer Ministro, pero a nosotros se nos antoja comparable con los de las m\u00e1s altas figuras hist\u00f3ricas de toda Latinoam\u00e9rica&#8217;.<\/p>\n\n\n\n<p>En decursos ulteriores y d\u00e9cadas siguientes, hasta su fallecimiento, el viernes 25 de noviembre de 2016, el Comandante en Jefe Fidel Castro Ruz, fundador de la Revoluci\u00f3n Cubana, ya hab\u00eda alcanzado una estatura y reconocimiento mundiales.<\/p>\n\n\n\n<p>Creo que en la Pol\u00edtica y en la Vida los simbolismos son relevantes, siendo s\u00ed muy crucial aprehender, descubrir y registrar bien sus significados. El \u00faltimo visitante extranjero recibido por Fidel Castro Ruz, en su residencia en La Habana, fue el entonces presidente de la Rep\u00fablica Socialista de Vietnam, Tran Dai Quang, en la tarde del martes 15 de noviembre de 2016.<\/p>\n\n\n\n<p>El Comandante en Jefe visit\u00f3 Vietnam en tres ocasiones. La primera fue en 1973, del 12 al 17 de septiembre, siempre reconociendo al h\u00e9roe revolucionario vietnamita Ho Chi Minh (&#8216;El que nos ilumina&#8217;), con admiraci\u00f3n. Los pa\u00edses hab\u00edan establecido relaciones diplom\u00e1ticas el 2 de diciembre de 1960. Fueron circunstancias gestoras de Humanidad y de Internacionalismo.<\/p>\n\n\n\n<p>Desde el punto de vista personal, comparto unas vivencias inolvidables. El 16 de noviembre de 1971, publicaba un art\u00edculo con t\u00edtulo en la portada de un naciente semanario, DEBATE Universitario, de la Pontificia Universidad Cat\u00f3lica de Chile, teniendo como Rector a ese gran arquitecto humanista, Fernando Castillo Velasco: &#8216;Fidel, Universidad y Revoluci\u00f3n&#8217;, con gran lector\u00eda, ya en pleno desarrollo de la visita del Comandante en Jefe Fidel Castro Ruz.<\/p>\n\n\n\n<p>En esa ocasi\u00f3n, escrib\u00eda: &#8216;Llega un Comandante. Llega un hombre moral. Llega Fidel. Todas las Universidades de Santiago de Chile lo han invitado. La Universidad Cat\u00f3lica tambi\u00e9n&#8217;. &#8216;La Revoluci\u00f3n no es una excusa. Es una posibilidad, es un deber. Limpio y puro es saber reconocer a otros cuando est\u00e1n en vida. El Comandante ya est\u00e1 en Chile&#8217;.<\/p>\n\n\n\n<p>En la tarde\/noche del viernes 3 de diciembre de 1971, en un curioso Santiago, con llovizna y \u00e1toque de queda! en pleno Gobierno Popular, ante la arremetida del emergente fascismo, por la visita, dirigentes pol\u00edticos juveniles tuvimos el enorme privilegio de reunirnos con Fidel Castro Ruz en la residencia oficial del Embajador cubano, en calle San Patricio, de la comuna de Vitacura, al oriente de la capital. Eran agitados tiempos, con fuertes disputas ideol\u00f3gicas y algunos sectarismos. Condiciones de una situaci\u00f3n revolucionaria no se estaban alcanzando.<\/p>\n\n\n\n<p>En la ocasi\u00f3n se presentaban al Comandante unas &#8216;medias&#8217; realidades, irrespetando, a mi juicio, a un muy agudo observador que hab\u00eda recorrido Chile bastante, comprobando muchas complejidades pol\u00edticas, y no solo en la correlaci\u00f3n de fuerzas, en el proceso de nuestro Gobierno Popular que este a\u00f1o 2020 llegar\u00e1 al 50 Aniversario de su inicio, el mi\u00e9rcoles 4 de noviembre de 1970, con la investidura del presidente Salvador Allende Gossens.<\/p>\n\n\n\n<p>Tuve imborrable, imperecedera y \u00fanica posibilidad magistral de que, en medio de un confuso m\u00e9todo para otorgar uso de la palabra, el propio Comandante Fidel Castro Ruz dispuso que se permitiera expresarme.<\/p>\n\n\n\n<p>Escuch\u00f3 las &#8216;enteras\u00b4 verdades que le resum\u00ed, con atenci\u00f3n, mirada y concentraci\u00f3n que nunca podr\u00e9 olvidar, para al finalizar congratularme por mi &#8216;sinceridad revolucionaria&#8217;, silenciando aquel alborotado ambiente. Le entregu\u00e9 dos ejemplares de ese DEBATE.<\/p>\n\n\n\n<p>A los minutos, ya de noche, parti\u00f3 raudo, en modesto Lada de la comitiva oficial, a su \u00faltima reuni\u00f3n con el presidente Allende, en aquella emblem\u00e1tica casa de calle Tom\u00e1s Moro, dejando en espera a reconocidos dirigentes mayores partidarios.<\/p>\n\n\n\n<p>Finalmente en Bruselas, en mi \u00faltima misi\u00f3n diplom\u00e1tica, conmovido, llegu\u00e9 a la Embajada de Cuba, en l&#8217;Avenue Brugmann 80, el viernes 2 de diciembre de 2016, para escribir algunas l\u00edneas en el Libro de Condolencias -uno no avizora que le llegar\u00eda algo as\u00ed-, entre ellas: &#8216;Gracias Comandante por su existencia y haberlo conocido. Gloria y Honor a Fidel Castro Ruz&#8217;.<\/p>\n\n\n\n<p>&#8216;Patria es Humanidad, es aquella porci\u00f3n de la humanidad que vemos m\u00e1s de cerca y en que nos toc\u00f3 nacer&#8217; (en peri\u00f3dico Patria, secci\u00f3n En Casa. S\u00e1bado 26 de Enero de 1895): siempre fiel y leal al acervo, ideario y pensamiento martianos, el Comandante en Jefe Fidel Castro Ruz descans\u00f3, en tranquilidad, y a sus 90 a\u00f1os, iniciados en Bir\u00e1n, Cuba, el 13 de agosto de 1926.<\/p>\n\n\n\n<p>&#8216;Ser internacionalistas es saldar nuestra propia deuda con la humanidad. Quien no sea capaz de luchar por otros, no ser\u00e1 nunca suficientemente capaz de luchar por s\u00ed mismo&#8217;, nos leg\u00f3 en su cardinal Discurso en la Plaza de la Revoluci\u00f3n, en La Habana, el lunes 5 de diciembre de 1988, en el Acto en Conmemoraci\u00f3n del XXXII Aniversario del Desembarco del &#8216;Granma&#8217; y de la Fundaci\u00f3n de las Fuerzas Armadas Revolucionarias.<\/p>\n\n\n\n<p>As\u00ed, ad eternum, se seguir\u00e1n cumpliendo a\u00f1os de su Humanidad y de su Internacionalismo.<\/p>\n\n\n\n<p>arb\/rc\/jvc<\/p>\n\n\n\n<p>*Analista pol\u00edtico, exasesor de la Misi\u00f3n de Chile ante la Uni\u00f3n Europea, miembro de la Asociaci\u00f3n Chilena del Espacio (Achide).<\/p>","protected":false},"excerpt":{"rendered":"<p>Por Jorge Vera Castillo * (Para Prensa Latina)Santiago de Chile (Prensa Latina) Es desafiante tarea recordar, y hacerlo desde Chile, al Comandante en Jefe Fidel Castro Ruz unido a la hist\u00f3rica visita de 1971, durante el Gobierno Popular del presidente Salvador Allende Gossens, su anfitri\u00f3n y siempre receptor de la amistosa humanidad del eminente revolucionario.Son [&hellip;]<\/p>\n","protected":false},"author":3,"featured_media":346,"comment_status":"closed","ping_status":"open","sticky":false,"template":"","format":"standard","meta":{"nf_dc_page":"","om_disable_all_campaigns":false,"_uag_custom_page_level_css":"","_monsterinsights_skip_tracking":false,"_monsterinsights_sitenote_active":false,"_monsterinsights_sitenote_note":"","_monsterinsights_sitenote_category":0,"_jetpack_memberships_contains_paid_content":false,"footnotes":""},"categories":[5,3],"tags":[],"class_list":["post-345","post","type-post","status-publish","format-standard","has-post-thumbnail","hentry","category-cuba","category-noticias"],"jetpack_featured_media_url":"https:\/\/i0.wp.com\/fidelidadacuba.org\/wp-content\/uploads\/2020\/08\/0-lam-fc-d.jpg?fit=748%2C498&ssl=1","uagb_featured_image_src":{"full":["https:\/\/i0.wp.com\/fidelidadacuba.org\/wp-content\/uploads\/2020\/08\/0-lam-fc-d.jpg?fit=748%2C498&ssl=1",748,498,false],"thumbnail":["https:\/\/i0.wp.com\/fidelidadacuba.org\/wp-content\/uploads\/2020\/08\/0-lam-fc-d.jpg?resize=150%2C150&ssl=1",150,150,true],"medium":["https:\/\/i0.wp.com\/fidelidadacuba.org\/wp-content\/uploads\/2020\/08\/0-lam-fc-d.jpg?fit=300%2C200&ssl=1",300,200,true],"medium_large":["https:\/\/i0.wp.com\/fidelidadacuba.org\/wp-content\/uploads\/2020\/08\/0-lam-fc-d.jpg?fit=640%2C426&ssl=1",640,426,true],"large":["https:\/\/i0.wp.com\/fidelidadacuba.org\/wp-content\/uploads\/2020\/08\/0-lam-fc-d.jpg?fit=640%2C426&ssl=1",640,426,true],"gs-square-thumb":["https:\/\/i0.wp.com\/fidelidadacuba.org\/wp-content\/uploads\/2020\/08\/0-lam-fc-d.jpg?resize=420%2C420&ssl=1",420,420,true],"400x600":["https:\/\/i0.wp.com\/fidelidadacuba.org\/wp-content\/uploads\/2020\/08\/0-lam-fc-d.jpg?resize=400%2C498&ssl=1",400,498,true],"250x375":["https:\/\/i0.wp.com\/fidelidadacuba.org\/wp-content\/uploads\/2020\/08\/0-lam-fc-d.jpg?resize=250%2C375&ssl=1",250,375,true],"1536x1536":["https:\/\/i0.wp.com\/fidelidadacuba.org\/wp-content\/uploads\/2020\/08\/0-lam-fc-d.jpg?fit=748%2C498&ssl=1",748,498,true],"2048x2048":["https:\/\/i0.wp.com\/fidelidadacuba.org\/wp-content\/uploads\/2020\/08\/0-lam-fc-d.jpg?fit=748%2C498&ssl=1",748,498,true],"trp-custom-language-flag":["https:\/\/i0.wp.com\/fidelidadacuba.org\/wp-content\/uploads\/2020\/08\/0-lam-fc-d.jpg?fit=18%2C12&ssl=1",18,12,true],"power-magazine-slider":["https:\/\/i0.wp.com\/fidelidadacuba.org\/wp-content\/uploads\/2020\/08\/0-lam-fc-d.jpg?resize=748%2C498&ssl=1",748,498,true],"power-magazine-mixed":["https:\/\/i0.wp.com\/fidelidadacuba.org\/wp-content\/uploads\/2020\/08\/0-lam-fc-d.jpg?resize=194%2C194&ssl=1",194,194,true],"power-magazine-mixed-large":["https:\/\/i0.wp.com\/fidelidadacuba.org\/wp-content\/uploads\/2020\/08\/0-lam-fc-d.jpg?resize=360%2C212&ssl=1",360,212,true],"power-magazine-masonry-large":["https:\/\/i0.wp.com\/fidelidadacuba.org\/wp-content\/uploads\/2020\/08\/0-lam-fc-d.jpg?resize=360%2C440&ssl=1",360,440,true],"rpwe-thumbnail":["https:\/\/fidelidadacuba.org\/wp-content\/uploads\/2020\/08\/0-lam-fc-d.jpg",45,30,false]},"uagb_author_info":{"display_name":"Yhonny Garc\u00eca Calles","author_link":"https:\/\/fidelidadacuba.org\/en\/author\/yhonnyg\/"},"uagb_comment_info":0,"uagb_excerpt":"Por Jorge Vera Castillo * (Para Prensa Latina)Santiago de Chile (Prensa Latina) Es desafiante tarea recordar, y hacerlo desde Chile, al Comandante en Jefe Fidel Castro Ruz unido a la hist\u00f3rica visita de 1971, durante el Gobierno Popular del presidente Salvador Allende Gossens, su anfitri\u00f3n y siempre receptor de la amistosa humanidad del eminente revolucionario.Son&hellip;","jetpack_sharing_enabled":true,"_links":{"self":[{"href":"https:\/\/fidelidadacuba.org\/en\/wp-json\/wp\/v2\/posts\/345","targetHints":{"allow":["GET"]}}],"collection":[{"href":"https:\/\/fidelidadacuba.org\/en\/wp-json\/wp\/v2\/posts"}],"about":[{"href":"https:\/\/fidelidadacuba.org\/en\/wp-json\/wp\/v2\/types\/post"}],"author":[{"embeddable":true,"href":"https:\/\/fidelidadacuba.org\/en\/wp-json\/wp\/v2\/users\/3"}],"replies":[{"embeddable":true,"href":"https:\/\/fidelidadacuba.org\/en\/wp-json\/wp\/v2\/comments?post=345"}],"version-history":[{"count":1,"href":"https:\/\/fidelidadacuba.org\/en\/wp-json\/wp\/v2\/posts\/345\/revisions"}],"predecessor-version":[{"id":347,"href":"https:\/\/fidelidadacuba.org\/en\/wp-json\/wp\/v2\/posts\/345\/revisions\/347"}],"wp:featuredmedia":[{"embeddable":true,"href":"https:\/\/fidelidadacuba.org\/en\/wp-json\/wp\/v2\/media\/346"}],"wp:attachment":[{"href":"https:\/\/fidelidadacuba.org\/en\/wp-json\/wp\/v2\/media?parent=345"}],"wp:term":[{"taxonomy":"category","embeddable":true,"href":"https:\/\/fidelidadacuba.org\/en\/wp-json\/wp\/v2\/categories?post=345"},{"taxonomy":"post_tag","embeddable":true,"href":"https:\/\/fidelidadacuba.org\/en\/wp-json\/wp\/v2\/tags?post=345"}],"curies":[{"name":"wp","href":"https:\/\/api.w.org\/{rel}","templated":true}]}}