{"id":342,"date":"2020-08-11T12:55:36","date_gmt":"2020-08-11T12:55:36","guid":{"rendered":"https:\/\/fidelidadacuba.org\/?p=342"},"modified":"2020-08-11T12:55:53","modified_gmt":"2020-08-11T12:55:53","slug":"reconocen-apoyo-de-cuba-a-venezuela-frente-a-la-covid-19-fotos","status":"publish","type":"post","link":"https:\/\/fidelidadacuba.org\/en\/reconocen-apoyo-de-cuba-a-venezuela-frente-a-la-covid-19-fotos\/","title":{"rendered":"Reconocen apoyo de Cuba a Venezuela frente a la COVID-19 (+ Fotos)"},"content":{"rendered":"<p><strong>El viceministro del Ministerio del Poder Popular para H\u00e1bitat y Vivienda de Venezuela (Minhvi), Efra\u00edn S\u00e1nchez Rom\u00e1n, reconoce el apoyo que brinda Cuba a su pa\u00eds frente a la pandemia y en los esfuerzos para aumentar las capacidades de ingreso hospitalario frente a la propagaci\u00f3n del nuevo coronavirus.<\/strong><\/p>\n\n\n\n<p>Conversamos en las \u00e1reas exteriores de la sala de rehabilitaci\u00f3n del Centro de Diagn\u00f3stico Integral (CDI) Terrazas de las Acacias, ubicado en la Parroquia San Pedro, del municipio Libertador, Distrito Capital, donde trabajaban para crear condiciones de atenci\u00f3n e ingreso a pacientes positivos al Sars-CoV-2.<\/p>\n\n\n\n<p>\u201cPorque nos encontramos en una emergencia sanitaria, estamos acondicionando estos espacios de acuerdo con la metodolog\u00eda que emplea el equipo de la&nbsp;<a href=\"mailto:http:\/\/mppre.gob.ve\/2020\/04\/16\/mision-barrio-adentro-salud-ejemplo-venezolano-humanismo-inclusion-pueblo\/\" target=\"_blank\" rel=\"noreferrer noopener\">Misi\u00f3n Barrio Adentro<\/a>, que nos est\u00e1 &nbsp;acompa\u00f1ando en estas actividades\u201d, explica el tambi\u00e9n Presidente de Construpatria, ente adscrito al Minhvi.<\/p>\n\n\n\n<p>El d\u00eda del encuentro ultimaban detalles de terminaci\u00f3n y el Viceministro asegur\u00f3: \u201cDisponemos de toda la log\u00edstica necesaria aportada por la Fundaci\u00f3n Misi\u00f3n Barrio Adentro, que ha dado equipos de clima y otros medios e insumos y Construpatria tambi\u00e9n ha tributado materiales que nos permiten cumplir satisfactoriamente la remodelaci\u00f3n\u201d.<\/p>\n\n\n\n<p>Confirm\u00f3 que otros ministerios est\u00e1n haciendo tutela y acompa\u00f1amiento para cumplir el encargo del presidente Nicol\u00e1s Maduro Moros y ya se han rehabilitado m\u00e1s de 10 CDI en todo el Distrito Capital, \u201cesto es solamente el inicio, remarc\u00f3, porque a medida que vamos avanzando si es necesario seguiremos evaluando nuevas intervenciones de este tipo\u201d.<\/p>\n\n\n\n<p>Ponder\u00f3 el aporte de la parte cubana y&nbsp; consider\u00f3 esencial la contribuci\u00f3n de sus recursos humanos en el asesoramiento m\u00e9dico, equipamiento y log\u00edstica que trazan las pautas del reacondicionamiento de esas \u00e1reas teniendo en cuenta las necesidades y los protocolos m\u00e9dicos y de bioseguridad establecidos.<\/p>\n\n\n\n<p>\u201cEsta uni\u00f3n fraternal entre la hermana Rep\u00fablica de Cuba y Venezuela, y todo el apoyo que nos est\u00e1n haciendo cada vez crece, porque es una articulaci\u00f3n completa, en la que interviene la alcaldesa \u00c9rica Far\u00edas que funge como coordinadora general y establece los CDI que necesitan el acondicionamiento, las mejoras y la rehabilitaci\u00f3n para poder atender adecuadamente a los pacientes\u201d<\/p>\n\n\n\n<p>\u201cEl imperio no entiende la uni\u00f3n que tenemos nosotros como revolucionarios; y, mientras la hermana Rep\u00fablica de Cuba exporta &nbsp;m\u00e9dicos y lleva &nbsp;medicinas y asesoramiento al resto del mundo, ellos se ocupan en enviar bombas, terroristas, mercenarios a perturbar la paz del planeta. Eso ellos nunca lo van a entender,&nbsp; porque es una cuesti\u00f3n de ideolog\u00eda\u201d, enfatiza.<\/p>\n\n\n\n<p><strong>La parte cubana<\/strong><\/p>\n\n\n\n<figure class=\"wp-block-image\"><img data-recalc-dims=\"1\" decoding=\"async\" src=\"https:\/\/i0.wp.com\/www.trabajadores.cu\/wp-content\/uploads\/2020\/08\/reconocen-2.jpg?w=640\" alt=\"\" class=\"wp-image-222053\"\/><figcaption>La doctora Mailyn Rodr\u00edguez sigue hasta el m\u00e1s m\u00ednimo detalle las gestiones de rehabilitaci\u00f3n. Foto: Jorge P\u00e9rez Cruz<\/figcaption><\/figure>\n\n\n\n<p>La guantanamera Mailyn Rodr\u00edguez, especialista en Medicina General Integral, hace 40 meses que lleg\u00f3 a Venezuela y de ellos 35 los ha dedicado a la coordinaci\u00f3n de este CDI, donde desde el 21 de mayo atienden casos positivos a la Covid-19, \u201cya vamos por el cuarto ciclo y los 25 colaboradores cubanos estamos listos para acometer cualquier encomienda que se nos asigne\u201d,&nbsp; dice resuelta.<\/p>\n\n\n\n<p>Agrega que los trabajos de readaptaci\u00f3n del objeto social de la Sala de Rehabilitaci\u00f3n Integral responden a la actual coyuntura e incluyeron la recuperaci\u00f3n de varias habitaciones, ba\u00f1os,&nbsp; cuarto para el personal m\u00e9dico de servicio&nbsp; y mejoras en la iluminaci\u00f3n, clima y redes hidr\u00e1ulicas y sanitarias, &nbsp;y la ubicaci\u00f3n de 15 camas que se suman las nueve existentes en el CDI.<\/p>\n\n\n\n<figure class=\"wp-block-image\"><img data-recalc-dims=\"1\" decoding=\"async\" src=\"https:\/\/i0.wp.com\/www.trabajadores.cu\/wp-content\/uploads\/2020\/08\/reconocen-3.jpg?w=640\" alt=\"\" class=\"wp-image-222054\"\/><figcaption>Los responsables supervisan los trabajos y muestran satisfacci\u00f3n por los resultados. Foto: Jorge P\u00e9rez Cruz<\/figcaption><\/figure>\n\n\n\n<p>La galena encomia la respuesta y la decisiva participaci\u00f3n de la comunidad en las labores de reparaci\u00f3n acometidas en el inmueble convocada por los l\u00edderes comunitarios.<\/p>\n\n\n\n<p>Y confirma: \u201cContamos con la alimentaci\u00f3n que requieren los ingresados y el personal de Salud que los atiende, servicio de agua, grupo electr\u00f3geno auxiliar y los medicamentos preventivos o de profilaxis, de acuerdo con los tratamientos indicados\u201d.<\/p>\n\n\n\n<figure class=\"wp-block-image\"><img data-recalc-dims=\"1\" decoding=\"async\" src=\"https:\/\/i0.wp.com\/www.trabajadores.cu\/wp-content\/uploads\/2020\/08\/reconocen.jpg?w=640\" alt=\"Los vecinos aportaron la fuerza de trabajo. Foto: Jorge P\u00e9rez Cruz\" class=\"wp-image-222061\"\/><figcaption>Los vecinos aportaron la fuerza de trabajo. Foto: Jorge P\u00e9rez Cruz<\/figcaption><\/figure>\n\n\n\n<p>Esta instalaci\u00f3n sanitaria, fruto del&nbsp;<a href=\"mailto:http:\/\/www.embajadacuba.com.ve\/cuba-venezuela\/convenio-colaboracion\/\" target=\"_blank\" rel=\"noreferrer noopener\">Convenio Integral Cooperaci\u00f3n<\/a>&nbsp;entre las dos naciones y de las ideas humanistas de los Comandantes Fidel Castro y Hugo Ch\u00e1vez Fr\u00edas, &nbsp;custodia la salud de una poblaci\u00f3n humilde que sobrepasa los 15 mil habitantes, distribuidos en cinco consultorios m\u00e9dicos populares o \u00e1reas de salud, \u201caunque igual atendemos a vecinos de parroquias aleda\u00f1as\u201d, &nbsp;asegura la doctora guantanamera.<\/p>","protected":false},"excerpt":{"rendered":"<p>El viceministro del Ministerio del Poder Popular para H\u00e1bitat y Vivienda de Venezuela (Minhvi), Efra\u00edn S\u00e1nchez Rom\u00e1n, reconoce el apoyo que brinda Cuba a su pa\u00eds frente a la pandemia y en los esfuerzos para aumentar las capacidades de ingreso hospitalario frente a la propagaci\u00f3n del nuevo coronavirus. Conversamos en las \u00e1reas exteriores de la [&hellip;]<\/p>\n","protected":false},"author":3,"featured_media":343,"comment_status":"closed","ping_status":"open","sticky":false,"template":"","format":"standard","meta":{"nf_dc_page":"","om_disable_all_campaigns":false,"_uag_custom_page_level_css":"","_monsterinsights_skip_tracking":false,"_monsterinsights_sitenote_active":false,"_monsterinsights_sitenote_note":"","_monsterinsights_sitenote_category":0,"_jetpack_memberships_contains_paid_content":false,"footnotes":""},"categories":[3,6],"tags":[],"class_list":["post-342","post","type-post","status-publish","format-standard","has-post-thumbnail","hentry","category-noticias","category-venezuela"],"jetpack_featured_media_url":"https:\/\/i0.wp.com\/fidelidadacuba.org\/wp-content\/uploads\/2020\/08\/0reconocen-1.jpg?fit=527%2C500&ssl=1","uagb_featured_image_src":{"full":["https:\/\/i0.wp.com\/fidelidadacuba.org\/wp-content\/uploads\/2020\/08\/0reconocen-1.jpg?fit=527%2C500&ssl=1",527,500,false],"thumbnail":["https:\/\/i0.wp.com\/fidelidadacuba.org\/wp-content\/uploads\/2020\/08\/0reconocen-1.jpg?resize=150%2C150&ssl=1",150,150,true],"medium":["https:\/\/i0.wp.com\/fidelidadacuba.org\/wp-content\/uploads\/2020\/08\/0reconocen-1.jpg?fit=300%2C285&ssl=1",300,285,true],"medium_large":["https:\/\/i0.wp.com\/fidelidadacuba.org\/wp-content\/uploads\/2020\/08\/0reconocen-1.jpg?fit=527%2C500&ssl=1",527,500,true],"large":["https:\/\/i0.wp.com\/fidelidadacuba.org\/wp-content\/uploads\/2020\/08\/0reconocen-1.jpg?fit=527%2C500&ssl=1",527,500,true],"gs-square-thumb":["https:\/\/i0.wp.com\/fidelidadacuba.org\/wp-content\/uploads\/2020\/08\/0reconocen-1.jpg?resize=420%2C420&ssl=1",420,420,true],"400x600":["https:\/\/i0.wp.com\/fidelidadacuba.org\/wp-content\/uploads\/2020\/08\/0reconocen-1.jpg?resize=400%2C500&ssl=1",400,500,true],"250x375":["https:\/\/i0.wp.com\/fidelidadacuba.org\/wp-content\/uploads\/2020\/08\/0reconocen-1.jpg?resize=250%2C375&ssl=1",250,375,true],"1536x1536":["https:\/\/i0.wp.com\/fidelidadacuba.org\/wp-content\/uploads\/2020\/08\/0reconocen-1.jpg?fit=527%2C500&ssl=1",527,500,true],"2048x2048":["https:\/\/i0.wp.com\/fidelidadacuba.org\/wp-content\/uploads\/2020\/08\/0reconocen-1.jpg?fit=527%2C500&ssl=1",527,500,true],"trp-custom-language-flag":["https:\/\/i0.wp.com\/fidelidadacuba.org\/wp-content\/uploads\/2020\/08\/0reconocen-1.jpg?fit=13%2C12&ssl=1",13,12,true],"power-magazine-slider":["https:\/\/i0.wp.com\/fidelidadacuba.org\/wp-content\/uploads\/2020\/08\/0reconocen-1.jpg?resize=527%2C500&ssl=1",527,500,true],"power-magazine-mixed":["https:\/\/i0.wp.com\/fidelidadacuba.org\/wp-content\/uploads\/2020\/08\/0reconocen-1.jpg?resize=194%2C194&ssl=1",194,194,true],"power-magazine-mixed-large":["https:\/\/i0.wp.com\/fidelidadacuba.org\/wp-content\/uploads\/2020\/08\/0reconocen-1.jpg?resize=360%2C212&ssl=1",360,212,true],"power-magazine-masonry-large":["https:\/\/i0.wp.com\/fidelidadacuba.org\/wp-content\/uploads\/2020\/08\/0reconocen-1.jpg?resize=360%2C440&ssl=1",360,440,true],"rpwe-thumbnail":["https:\/\/fidelidadacuba.org\/wp-content\/uploads\/2020\/08\/0reconocen-1.jpg",45,43,false]},"uagb_author_info":{"display_name":"Yhonny Garc\u00eca Calles","author_link":"https:\/\/fidelidadacuba.org\/en\/author\/yhonnyg\/"},"uagb_comment_info":0,"uagb_excerpt":"El viceministro del Ministerio del Poder Popular para H\u00e1bitat y Vivienda de Venezuela (Minhvi), Efra\u00edn S\u00e1nchez Rom\u00e1n, reconoce el apoyo que brinda Cuba a su pa\u00eds frente a la pandemia y en los esfuerzos para aumentar las capacidades de ingreso hospitalario frente a la propagaci\u00f3n del nuevo coronavirus. Conversamos en las \u00e1reas exteriores de la&hellip;","jetpack_sharing_enabled":true,"_links":{"self":[{"href":"https:\/\/fidelidadacuba.org\/en\/wp-json\/wp\/v2\/posts\/342","targetHints":{"allow":["GET"]}}],"collection":[{"href":"https:\/\/fidelidadacuba.org\/en\/wp-json\/wp\/v2\/posts"}],"about":[{"href":"https:\/\/fidelidadacuba.org\/en\/wp-json\/wp\/v2\/types\/post"}],"author":[{"embeddable":true,"href":"https:\/\/fidelidadacuba.org\/en\/wp-json\/wp\/v2\/users\/3"}],"replies":[{"embeddable":true,"href":"https:\/\/fidelidadacuba.org\/en\/wp-json\/wp\/v2\/comments?post=342"}],"version-history":[{"count":1,"href":"https:\/\/fidelidadacuba.org\/en\/wp-json\/wp\/v2\/posts\/342\/revisions"}],"predecessor-version":[{"id":344,"href":"https:\/\/fidelidadacuba.org\/en\/wp-json\/wp\/v2\/posts\/342\/revisions\/344"}],"wp:featuredmedia":[{"embeddable":true,"href":"https:\/\/fidelidadacuba.org\/en\/wp-json\/wp\/v2\/media\/343"}],"wp:attachment":[{"href":"https:\/\/fidelidadacuba.org\/en\/wp-json\/wp\/v2\/media?parent=342"}],"wp:term":[{"taxonomy":"category","embeddable":true,"href":"https:\/\/fidelidadacuba.org\/en\/wp-json\/wp\/v2\/categories?post=342"},{"taxonomy":"post_tag","embeddable":true,"href":"https:\/\/fidelidadacuba.org\/en\/wp-json\/wp\/v2\/tags?post=342"}],"curies":[{"name":"wp","href":"https:\/\/api.w.org\/{rel}","templated":true}]}}