{"id":336,"date":"2020-08-11T01:44:05","date_gmt":"2020-08-11T01:44:05","guid":{"rendered":"https:\/\/fidelidadacuba.org\/?p=336"},"modified":"2020-08-11T01:44:15","modified_gmt":"2020-08-11T01:44:15","slug":"frei-betto-sobre-fidel-castro-agradezco-a-dios-esta-amistad","status":"publish","type":"post","link":"https:\/\/fidelidadacuba.org\/en\/frei-betto-sobre-fidel-castro-agradezco-a-dios-esta-amistad\/","title":{"rendered":"Frei Betto sobre Fidel Castro: Agradezco a Dios esta amistad"},"content":{"rendered":"<p><strong><em>Esta entrevista a Frei Betto, te\u00f3logo e intelectual brasile\u00f1o, fue realizada para el documental El Fidel que yo conoc\u00ed, una producci\u00f3n de los Estudios Mundo Latino que se trasmitir\u00e1 en estreno el pr\u00f3ximo 13 de agosto en el espacio Mesa Redonda de la Televisi\u00f3n Cubana.<\/em><\/strong><\/p>\n\n\n\n<p>\u201cFidel siempre fue un \u00eddolo para m\u00ed\u2026cuando triunf\u00f3 la Revoluci\u00f3n Cubana yo ten\u00eda 15 a\u00f1os, me encant\u00e9 con todos los barbudos de la Sierra Maestra, segu\u00ed eso muy de cerca porque ya participaba en movimientos que ten\u00edan tendencia de izquierda y tambi\u00e9n ten\u00eda una visi\u00f3n antiimperialista.<\/p>\n\n\n\n<p>Cuando estaba en la c\u00e1rcel ten\u00edamos una radio clandestina, en una celda donde est\u00e1bamos 50 prisioneros, y en una caja de dulces nos entraron un equipo de radio de pilas, de bater\u00edas, y escuch\u00e1bamos a Fidel\u2026mi relaci\u00f3n con Cuba es muy racional, pero tambi\u00e9n muy emocional, viene desde mi juventud, de esa mi admiraci\u00f3n por Fidel, por el Che y despu\u00e9s empec\u00e9 a leer sobre la historia de la Revoluci\u00f3n Cubana.<\/p>\n\n\n\n<p>Fui invitado junto con Lula (Luis Ign\u00e1cio Lula da Silva, expresidente y exsindicalista brasile\u00f1o) a participar en el primer aniversario de la Revoluci\u00f3n Sandinista el 19 de julio de 1980 (all\u00ed conoci\u00f3 a Fidel)\u2026y a partir de esa conversaci\u00f3n, \u00e9l me invito a venir a Cuba para ayudar en el acercamiento entre la Iglesia Cat\u00f3lica y el gobierno cubano, en aquel momento las relaciones permanec\u00edan muy tensas por m\u00e1s de 10 a\u00f1os. Los obispos estuvieron de acuerdo con mi trabajo, entonces, yo ven\u00eda entre cuatro y cinco veces al a\u00f1o a La Habana. Ah\u00ed Fidel se acerc\u00f3 a m\u00ed.<\/p>\n\n\n\n<p>Muchas personas en Brasil se preguntan: \u00bfy c\u00f3mo t\u00fa eres amigo de Fidel? Yo les digo, no, Fidel es mi amigo, muchas personas quieren ser amigos de Fidel; pero eso depende de \u00e9l. Y, efectivamente, a partir de ese trabajo, de la entrevista del libro&nbsp;<a href=\"http:\/\/www.cubadebate.cu\/especiales\/2020\/05\/23\/hace-35-anos-se-hizo-la-historica-entrevista-que-derivo-en-el-libro-fidel-y-la-religion\/\"><em>Fidel y la religi\u00f3n<\/em><\/a>, se cre\u00f3 una empat\u00eda muy fuerte. La impresi\u00f3n que tengo es que Fidel me trataba con una mezcla de hijo y al mismo tiempo de hermano menor, era un poco eso. Por ejemplo, muchas veces cuando yo ven\u00eda a La Habana, \u00e9l me llamaba para su oficina por la tarde, no para tratar alg\u00fan tema, no. Me dec\u00eda: quedate ah\u00ed, ve esas revistas o algo, yo voy a trabajar aqu\u00ed y despu\u00e9s vamos a salir, vamos a visitar una persona que est\u00e1 de visita en Cuba y quiero present\u00e1rtelo o vamos a casa de Chomi (Jos\u00e9 Miyar Barruecos, secretario del Consejo de Estado en ese momento), me trataba como un amigo y as\u00ed permaneci\u00f3 por toda la vida.<\/p>\n\n\n\n<p>Yo traigo en el coraz\u00f3n la presencia viva del Comandante, le tengo un cari\u00f1o muy grande. Cada vez que ven\u00eda le tra\u00eda dos regalos, chocolates y libros de astrof\u00edsica y cosmolog\u00eda \u2014ya hab\u00eda escrito un libro que se public\u00f3 en Cuba,&nbsp;<em>La obra de artista, una visi\u00f3n hol\u00edstica del universo<\/em>, en una \u00e9poca de mi vida me dediqu\u00e9 a estudiar esos temas\u2014 y Fidel tambi\u00e9n se encant\u00f3 con eso y yo buscaba libros de esos temas para regal\u00e1rselos a \u00e9l y siempre \u00e9l discut\u00eda conmigo de esas cosas.<\/p>\n\n\n\n<p>Era una amistad muy fraternal, muy transparente\u2026 Una vez yo sent\u00eda que ten\u00eda el deber de hacerle una cr\u00edtica y le dije: \u00bfpuedo hacerte una cr\u00edtica? Y me respondi\u00f3: usted no solamente tiene el deber, tiene el derecho. Y a partir de ah\u00ed, yo ten\u00eda toda la libertad de hablar con \u00e9l cualquier tema por m\u00e1s cr\u00edtico y duro que fuera \u2014con la ventaja de que yo soy una persona que por mi situaci\u00f3n de ser religioso, fraile, no soy diplom\u00e1tico, ni empresario, no tengo ambiciones de cargos, funciones, ocupaciones, nada, estoy muy feliz con mi manera de vivir\u2014, y, entonces, eso tambi\u00e9n nos acercaba mucho, porque \u00e9l me dio esa libertad y yo me sent\u00eda muy a gusto de poder decirle cosas que quiz\u00e1s otras personas ten\u00edan miedo (bueno, \u00e9l quiz\u00e1s va a apartarse de m\u00ed, no s\u00e9 qu\u00e9 cosa\u2026) y eso nunca pas\u00f3 entre nosotros, al contrario, creo que por esa sinceridad, nos acercamos todav\u00eda m\u00e1s. Agradezco a Dios esta amistad\u201d.<\/p>\n\n\n\n<div class=\"wp-block-image\"><figure class=\"aligncenter\"><img data-recalc-dims=\"1\" height=\"773\" width=\"580\" decoding=\"async\" src=\"https:\/\/i0.wp.com\/media.cubadebate.cu\/wp-content\/uploads\/2020\/08\/117535575_926834474497447_1304792434111483511_n-1-580x773.jpg?resize=580%2C773\" alt=\"\" class=\"wp-image-1407371\"\/><\/figure><\/div>","protected":false},"excerpt":{"rendered":"<p>Esta entrevista a Frei Betto, te\u00f3logo e intelectual brasile\u00f1o, fue realizada para el documental El Fidel que yo conoc\u00ed, una producci\u00f3n de los Estudios Mundo Latino que se trasmitir\u00e1 en estreno el pr\u00f3ximo 13 de agosto en el espacio Mesa Redonda de la Televisi\u00f3n Cubana. \u201cFidel siempre fue un \u00eddolo para m\u00ed\u2026cuando triunf\u00f3 la Revoluci\u00f3n [&hellip;]<\/p>\n","protected":false},"author":3,"featured_media":337,"comment_status":"closed","ping_status":"open","sticky":false,"template":"","format":"standard","meta":{"nf_dc_page":"","om_disable_all_campaigns":false,"_uag_custom_page_level_css":"","_monsterinsights_skip_tracking":false,"_monsterinsights_sitenote_active":false,"_monsterinsights_sitenote_note":"","_monsterinsights_sitenote_category":0,"_jetpack_memberships_contains_paid_content":false,"footnotes":""},"categories":[5,3],"tags":[],"class_list":["post-336","post","type-post","status-publish","format-standard","has-post-thumbnail","hentry","category-cuba","category-noticias"],"jetpack_featured_media_url":"https:\/\/i0.wp.com\/fidelidadacuba.org\/wp-content\/uploads\/2020\/08\/Frei-Betto.jpg?fit=580%2C415&ssl=1","uagb_featured_image_src":{"full":["https:\/\/i0.wp.com\/fidelidadacuba.org\/wp-content\/uploads\/2020\/08\/Frei-Betto.jpg?fit=580%2C415&ssl=1",580,415,false],"thumbnail":["https:\/\/i0.wp.com\/fidelidadacuba.org\/wp-content\/uploads\/2020\/08\/Frei-Betto.jpg?resize=150%2C150&ssl=1",150,150,true],"medium":["https:\/\/i0.wp.com\/fidelidadacuba.org\/wp-content\/uploads\/2020\/08\/Frei-Betto.jpg?fit=300%2C215&ssl=1",300,215,true],"medium_large":["https:\/\/i0.wp.com\/fidelidadacuba.org\/wp-content\/uploads\/2020\/08\/Frei-Betto.jpg?fit=580%2C415&ssl=1",580,415,true],"large":["https:\/\/i0.wp.com\/fidelidadacuba.org\/wp-content\/uploads\/2020\/08\/Frei-Betto.jpg?fit=580%2C415&ssl=1",580,415,true],"gs-square-thumb":["https:\/\/i0.wp.com\/fidelidadacuba.org\/wp-content\/uploads\/2020\/08\/Frei-Betto.jpg?resize=420%2C415&ssl=1",420,415,true],"400x600":["https:\/\/i0.wp.com\/fidelidadacuba.org\/wp-content\/uploads\/2020\/08\/Frei-Betto.jpg?resize=400%2C415&ssl=1",400,415,true],"250x375":["https:\/\/i0.wp.com\/fidelidadacuba.org\/wp-content\/uploads\/2020\/08\/Frei-Betto.jpg?resize=250%2C375&ssl=1",250,375,true],"1536x1536":["https:\/\/i0.wp.com\/fidelidadacuba.org\/wp-content\/uploads\/2020\/08\/Frei-Betto.jpg?fit=580%2C415&ssl=1",580,415,true],"2048x2048":["https:\/\/i0.wp.com\/fidelidadacuba.org\/wp-content\/uploads\/2020\/08\/Frei-Betto.jpg?fit=580%2C415&ssl=1",580,415,true],"trp-custom-language-flag":["https:\/\/i0.wp.com\/fidelidadacuba.org\/wp-content\/uploads\/2020\/08\/Frei-Betto.jpg?fit=18%2C12&ssl=1",18,12,true],"power-magazine-slider":["https:\/\/i0.wp.com\/fidelidadacuba.org\/wp-content\/uploads\/2020\/08\/Frei-Betto.jpg?resize=580%2C415&ssl=1",580,415,true],"power-magazine-mixed":["https:\/\/i0.wp.com\/fidelidadacuba.org\/wp-content\/uploads\/2020\/08\/Frei-Betto.jpg?resize=194%2C194&ssl=1",194,194,true],"power-magazine-mixed-large":["https:\/\/i0.wp.com\/fidelidadacuba.org\/wp-content\/uploads\/2020\/08\/Frei-Betto.jpg?resize=360%2C212&ssl=1",360,212,true],"power-magazine-masonry-large":["https:\/\/i0.wp.com\/fidelidadacuba.org\/wp-content\/uploads\/2020\/08\/Frei-Betto.jpg?resize=360%2C415&ssl=1",360,415,true],"rpwe-thumbnail":["https:\/\/fidelidadacuba.org\/wp-content\/uploads\/2020\/08\/Frei-Betto.jpg",45,32,false]},"uagb_author_info":{"display_name":"Yhonny Garc\u00eca Calles","author_link":"https:\/\/fidelidadacuba.org\/en\/author\/yhonnyg\/"},"uagb_comment_info":0,"uagb_excerpt":"Esta entrevista a Frei Betto, te\u00f3logo e intelectual brasile\u00f1o, fue realizada para el documental El Fidel que yo conoc\u00ed, una producci\u00f3n de los Estudios Mundo Latino que se trasmitir\u00e1 en estreno el pr\u00f3ximo 13 de agosto en el espacio Mesa Redonda de la Televisi\u00f3n Cubana. \u201cFidel siempre fue un \u00eddolo para m\u00ed\u2026cuando triunf\u00f3 la Revoluci\u00f3n&hellip;","jetpack_sharing_enabled":true,"_links":{"self":[{"href":"https:\/\/fidelidadacuba.org\/en\/wp-json\/wp\/v2\/posts\/336","targetHints":{"allow":["GET"]}}],"collection":[{"href":"https:\/\/fidelidadacuba.org\/en\/wp-json\/wp\/v2\/posts"}],"about":[{"href":"https:\/\/fidelidadacuba.org\/en\/wp-json\/wp\/v2\/types\/post"}],"author":[{"embeddable":true,"href":"https:\/\/fidelidadacuba.org\/en\/wp-json\/wp\/v2\/users\/3"}],"replies":[{"embeddable":true,"href":"https:\/\/fidelidadacuba.org\/en\/wp-json\/wp\/v2\/comments?post=336"}],"version-history":[{"count":1,"href":"https:\/\/fidelidadacuba.org\/en\/wp-json\/wp\/v2\/posts\/336\/revisions"}],"predecessor-version":[{"id":338,"href":"https:\/\/fidelidadacuba.org\/en\/wp-json\/wp\/v2\/posts\/336\/revisions\/338"}],"wp:featuredmedia":[{"embeddable":true,"href":"https:\/\/fidelidadacuba.org\/en\/wp-json\/wp\/v2\/media\/337"}],"wp:attachment":[{"href":"https:\/\/fidelidadacuba.org\/en\/wp-json\/wp\/v2\/media?parent=336"}],"wp:term":[{"taxonomy":"category","embeddable":true,"href":"https:\/\/fidelidadacuba.org\/en\/wp-json\/wp\/v2\/categories?post=336"},{"taxonomy":"post_tag","embeddable":true,"href":"https:\/\/fidelidadacuba.org\/en\/wp-json\/wp\/v2\/tags?post=336"}],"curies":[{"name":"wp","href":"https:\/\/api.w.org\/{rel}","templated":true}]}}