{"id":333,"date":"2020-08-10T19:18:49","date_gmt":"2020-08-10T19:18:49","guid":{"rendered":"https:\/\/fidelidadacuba.org\/?p=333"},"modified":"2020-08-10T19:19:03","modified_gmt":"2020-08-10T19:19:03","slug":"paisajes-de-la-habana-cambian-por-medidas-contra-la-covid-19-fotos","status":"publish","type":"post","link":"https:\/\/fidelidadacuba.org\/en\/paisajes-de-la-habana-cambian-por-medidas-contra-la-covid-19-fotos\/","title":{"rendered":"Paisajes de La Habana cambian por medidas contra la Covid-19 (+Fotos)"},"content":{"rendered":"<p>Vladimir Molina La Habana, 10 ago (Prensa Latina) Los paisajes de la capital cubana son otros hoy con el retorno de la fase de transmisi\u00f3n aut\u00f3ctona de la Covid-19 y el reforzamiento del distanciamiento social.<br>Calles vac\u00edas y establecimientos cerrados impactan a la vista cuando La Habana registra el mayor n\u00famero de casos positivos a la enfermedad, que lleg\u00f3 a la isla hace cinco meses.<\/p>\n\n\n\n<p>El malec\u00f3n habanero luce desolado sin pescadores, paseantes o parejas de enamorados que usualmente forman parte de su entorno, mientras la avenida de dos direcciones y tres carriles en cada una registra poco tr\u00e1nsito vehicular.<\/p>\n\n\n\n<p>En la capital, que tambi\u00e9n es provincia, imperan medidas reforzadas de distanciamiento social, incluida la suspensi\u00f3n del transporte p\u00fablico, ausente hoy de sus calles, en particular de la usualmente concurrida calle 23, en el coraz\u00f3n de la ciudad.<br><img data-recalc-dims=\"1\" decoding=\"async\" src=\"https:\/\/i0.wp.com\/www.prensa-latina.cu\/images\/2020\/agosto\/10\/0-habana-2.jpg?w=640&#038;ssl=1\" alt=\"\"><br>All\u00ed est\u00e1n cerrados cines, bares y restaurantes, aunque estos \u00faltimos brindan solo comida para llevar.<\/p>\n\n\n\n<p>Lo mismo ocurre con la emblem\u00e1tica helader\u00eda Coppelia, remozada para el 500 aniversario de San Crist\u00f3bal de La Habana, y hoy sin usuarios a la vista.<\/p>\n\n\n\n<p>La Plaza de Armas, en el casco hist\u00f3rico de La Habana Vieja tambi\u00e9n extra\u00f1a a turistas extranjeros y a los vendedores de libros usados que all\u00ed ofertaban textos para variados gustos.<\/p>\n\n\n\n<p>Es una zona tambi\u00e9n de museos, como el de los Capitanes Generales, o el Castillo de la Fuerza, que tienen en estos d\u00edas de rebrote de la Covid-19 sus puertas cerradas.<br><img data-recalc-dims=\"1\" decoding=\"async\" src=\"https:\/\/i0.wp.com\/www.prensa-latina.cu\/images\/2020\/agosto\/10\/0-habna.jpg?w=640&#038;ssl=1\" alt=\"\"><br>El Parque Central, el Paseo del Prado, el de la Alameda de Paula y la Plaza de San Francisco de As\u00eds apenas ven pasar a transe\u00fantes, cuando la f\u00f3rmula para prevenir el contagio es quedarse en casa.<\/p>\n\n\n\n<p>mem\/ool<\/p>","protected":false},"excerpt":{"rendered":"<p>Vladimir Molina La Habana, 10 ago (Prensa Latina) Los paisajes de la capital cubana son otros hoy con el retorno de la fase de transmisi\u00f3n aut\u00f3ctona de la Covid-19 y el reforzamiento del distanciamiento social.Calles vac\u00edas y establecimientos cerrados impactan a la vista cuando La Habana registra el mayor n\u00famero de casos positivos a la [&hellip;]<\/p>\n","protected":false},"author":3,"featured_media":334,"comment_status":"closed","ping_status":"open","sticky":false,"template":"","format":"standard","meta":{"nf_dc_page":"","om_disable_all_campaigns":false,"_uag_custom_page_level_css":"","_monsterinsights_skip_tracking":false,"_monsterinsights_sitenote_active":false,"_monsterinsights_sitenote_note":"","_monsterinsights_sitenote_category":0,"_jetpack_memberships_contains_paid_content":false,"footnotes":""},"categories":[5],"tags":[],"class_list":["post-333","post","type-post","status-publish","format-standard","has-post-thumbnail","hentry","category-cuba"],"jetpack_featured_media_url":"https:\/\/i0.wp.com\/fidelidadacuba.org\/wp-content\/uploads\/2020\/08\/0-habna-3.jpg?fit=748%2C498&ssl=1","uagb_featured_image_src":{"full":["https:\/\/i0.wp.com\/fidelidadacuba.org\/wp-content\/uploads\/2020\/08\/0-habna-3.jpg?fit=748%2C498&ssl=1",748,498,false],"thumbnail":["https:\/\/i0.wp.com\/fidelidadacuba.org\/wp-content\/uploads\/2020\/08\/0-habna-3.jpg?resize=150%2C150&ssl=1",150,150,true],"medium":["https:\/\/i0.wp.com\/fidelidadacuba.org\/wp-content\/uploads\/2020\/08\/0-habna-3.jpg?fit=300%2C200&ssl=1",300,200,true],"medium_large":["https:\/\/i0.wp.com\/fidelidadacuba.org\/wp-content\/uploads\/2020\/08\/0-habna-3.jpg?fit=640%2C426&ssl=1",640,426,true],"large":["https:\/\/i0.wp.com\/fidelidadacuba.org\/wp-content\/uploads\/2020\/08\/0-habna-3.jpg?fit=640%2C426&ssl=1",640,426,true],"gs-square-thumb":["https:\/\/i0.wp.com\/fidelidadacuba.org\/wp-content\/uploads\/2020\/08\/0-habna-3.jpg?resize=420%2C420&ssl=1",420,420,true],"400x600":["https:\/\/i0.wp.com\/fidelidadacuba.org\/wp-content\/uploads\/2020\/08\/0-habna-3.jpg?resize=400%2C498&ssl=1",400,498,true],"250x375":["https:\/\/i0.wp.com\/fidelidadacuba.org\/wp-content\/uploads\/2020\/08\/0-habna-3.jpg?resize=250%2C375&ssl=1",250,375,true],"1536x1536":["https:\/\/i0.wp.com\/fidelidadacuba.org\/wp-content\/uploads\/2020\/08\/0-habna-3.jpg?fit=748%2C498&ssl=1",748,498,true],"2048x2048":["https:\/\/i0.wp.com\/fidelidadacuba.org\/wp-content\/uploads\/2020\/08\/0-habna-3.jpg?fit=748%2C498&ssl=1",748,498,true],"trp-custom-language-flag":["https:\/\/i0.wp.com\/fidelidadacuba.org\/wp-content\/uploads\/2020\/08\/0-habna-3.jpg?fit=18%2C12&ssl=1",18,12,true],"power-magazine-slider":["https:\/\/i0.wp.com\/fidelidadacuba.org\/wp-content\/uploads\/2020\/08\/0-habna-3.jpg?resize=748%2C498&ssl=1",748,498,true],"power-magazine-mixed":["https:\/\/i0.wp.com\/fidelidadacuba.org\/wp-content\/uploads\/2020\/08\/0-habna-3.jpg?resize=194%2C194&ssl=1",194,194,true],"power-magazine-mixed-large":["https:\/\/i0.wp.com\/fidelidadacuba.org\/wp-content\/uploads\/2020\/08\/0-habna-3.jpg?resize=360%2C212&ssl=1",360,212,true],"power-magazine-masonry-large":["https:\/\/i0.wp.com\/fidelidadacuba.org\/wp-content\/uploads\/2020\/08\/0-habna-3.jpg?resize=360%2C440&ssl=1",360,440,true],"rpwe-thumbnail":["https:\/\/fidelidadacuba.org\/wp-content\/uploads\/2020\/08\/0-habna-3.jpg",45,30,false]},"uagb_author_info":{"display_name":"Yhonny Garc\u00eca Calles","author_link":"https:\/\/fidelidadacuba.org\/en\/author\/yhonnyg\/"},"uagb_comment_info":0,"uagb_excerpt":"Vladimir Molina La Habana, 10 ago (Prensa Latina) Los paisajes de la capital cubana son otros hoy con el retorno de la fase de transmisi\u00f3n aut\u00f3ctona de la Covid-19 y el reforzamiento del distanciamiento social.Calles vac\u00edas y establecimientos cerrados impactan a la vista cuando La Habana registra el mayor n\u00famero de casos positivos a la&hellip;","jetpack_sharing_enabled":true,"_links":{"self":[{"href":"https:\/\/fidelidadacuba.org\/en\/wp-json\/wp\/v2\/posts\/333","targetHints":{"allow":["GET"]}}],"collection":[{"href":"https:\/\/fidelidadacuba.org\/en\/wp-json\/wp\/v2\/posts"}],"about":[{"href":"https:\/\/fidelidadacuba.org\/en\/wp-json\/wp\/v2\/types\/post"}],"author":[{"embeddable":true,"href":"https:\/\/fidelidadacuba.org\/en\/wp-json\/wp\/v2\/users\/3"}],"replies":[{"embeddable":true,"href":"https:\/\/fidelidadacuba.org\/en\/wp-json\/wp\/v2\/comments?post=333"}],"version-history":[{"count":1,"href":"https:\/\/fidelidadacuba.org\/en\/wp-json\/wp\/v2\/posts\/333\/revisions"}],"predecessor-version":[{"id":335,"href":"https:\/\/fidelidadacuba.org\/en\/wp-json\/wp\/v2\/posts\/333\/revisions\/335"}],"wp:featuredmedia":[{"embeddable":true,"href":"https:\/\/fidelidadacuba.org\/en\/wp-json\/wp\/v2\/media\/334"}],"wp:attachment":[{"href":"https:\/\/fidelidadacuba.org\/en\/wp-json\/wp\/v2\/media?parent=333"}],"wp:term":[{"taxonomy":"category","embeddable":true,"href":"https:\/\/fidelidadacuba.org\/en\/wp-json\/wp\/v2\/categories?post=333"},{"taxonomy":"post_tag","embeddable":true,"href":"https:\/\/fidelidadacuba.org\/en\/wp-json\/wp\/v2\/tags?post=333"}],"curies":[{"name":"wp","href":"https:\/\/api.w.org\/{rel}","templated":true}]}}