{"id":326,"date":"2020-08-10T18:50:32","date_gmt":"2020-08-10T18:50:32","guid":{"rendered":"https:\/\/fidelidadacuba.org\/?p=326"},"modified":"2020-08-10T18:50:44","modified_gmt":"2020-08-10T18:50:44","slug":"venezuela-persevera-en-batalla-contra-covid-19-afirma-presidente","status":"publish","type":"post","link":"https:\/\/fidelidadacuba.org\/en\/venezuela-persevera-en-batalla-contra-covid-19-afirma-presidente\/","title":{"rendered":"Venezuela persevera en batalla contra Covid-19, afirma presidente"},"content":{"rendered":"<p>Caracas, 10 ago (Prensa Latina) El gobierno de Venezuela persevera hoy en el enfrentamiento a la propagaci\u00f3n de la pandemia de Covid-19, ante el sostenido aumento de casos de la enfermedad en el pa\u00eds, asegur\u00f3 el presidente, Nicol\u00e1s Maduro.<br>A trav\u00e9s de la red social Twitter, el mandatario precis\u00f3 que el Ejecutivo nacional mantiene una coordinaci\u00f3n permanente con las autoridades regionales para garantizar la atenci\u00f3n de la poblaci\u00f3n durante la emergencia sanitaria.<\/p>\n\n\n\n<p>&#8216;Estamos pendientes de cada detalle, protegiendo la salud de nuestro pueblo, siempre en coordinaci\u00f3n con todas las instancias locales, parroquiales y estadales. Somos perseverantes para alcanzar la victoria en esta dura y compleja batalla contra el Coronavirus&#8217;, subray\u00f3 Maduro en la plataforma comunicacional.<\/p>\n\n\n\n<p>Asimismo, el jefe de Estado subray\u00f3 que el gobierno bolivariano garantiza la inversi\u00f3n necesaria para la atenci\u00f3n de los miles de connacionales que llegan a las fronteras del pa\u00eds sudamericano procedentes de otras naciones de la regi\u00f3n.<\/p>\n\n\n\n<p>&#8216;Somos el \u00fanico pa\u00eds que recibe migraci\u00f3n, y hacemos un gigantesco esfuerzo para que su ingreso sea legal, con el fin de proteger su salud y la de sus familias&#8217;, asever\u00f3.<\/p>\n\n\n\n<p>De acuerdo con cifras oficiales, m\u00e1s de 76 mil 600 migrantes venezolanos ingresaron al pa\u00eds desde comienzos de abril a trav\u00e9s de los puestos de atenci\u00f3n activados por las autoridades como parte del cord\u00f3n sanitario desplegado en las fronteras, de los cuales cinco mil 491 resultaron positivos a Covid-19.<\/p>\n\n\n\n<p>Hasta la fecha, Venezuela registr\u00f3 25 mil 805 personas infectadas por el pat\u00f3geno SARS-CoV-2, causante de la Covid-19, con balance de 13 mil 356 pacientes recuperados y saldo fatal de 223 fallecidos.<\/p>\n\n\n\n<p>agp\/wup<\/p>","protected":false},"excerpt":{"rendered":"<p>Caracas, 10 ago (Prensa Latina) El gobierno de Venezuela persevera hoy en el enfrentamiento a la propagaci\u00f3n de la pandemia de Covid-19, ante el sostenido aumento de casos de la enfermedad en el pa\u00eds, asegur\u00f3 el presidente, Nicol\u00e1s Maduro.A trav\u00e9s de la red social Twitter, el mandatario precis\u00f3 que el Ejecutivo nacional mantiene una coordinaci\u00f3n [&hellip;]<\/p>\n","protected":false},"author":3,"featured_media":327,"comment_status":"closed","ping_status":"open","sticky":false,"template":"","format":"standard","meta":{"nf_dc_page":"","om_disable_all_campaigns":false,"_uag_custom_page_level_css":"","_monsterinsights_skip_tracking":false,"_monsterinsights_sitenote_active":false,"_monsterinsights_sitenote_note":"","_monsterinsights_sitenote_category":0,"_jetpack_memberships_contains_paid_content":false,"footnotes":""},"categories":[3,6],"tags":[],"class_list":["post-326","post","type-post","status-publish","format-standard","has-post-thumbnail","hentry","category-noticias","category-venezuela"],"jetpack_featured_media_url":"https:\/\/i0.wp.com\/fidelidadacuba.org\/wp-content\/uploads\/2020\/08\/1-lam-maduro.png?fit=748%2C498&ssl=1","uagb_featured_image_src":{"full":["https:\/\/i0.wp.com\/fidelidadacuba.org\/wp-content\/uploads\/2020\/08\/1-lam-maduro.png?fit=748%2C498&ssl=1",748,498,false],"thumbnail":["https:\/\/i0.wp.com\/fidelidadacuba.org\/wp-content\/uploads\/2020\/08\/1-lam-maduro.png?resize=150%2C150&ssl=1",150,150,true],"medium":["https:\/\/i0.wp.com\/fidelidadacuba.org\/wp-content\/uploads\/2020\/08\/1-lam-maduro.png?fit=300%2C200&ssl=1",300,200,true],"medium_large":["https:\/\/i0.wp.com\/fidelidadacuba.org\/wp-content\/uploads\/2020\/08\/1-lam-maduro.png?fit=640%2C426&ssl=1",640,426,true],"large":["https:\/\/i0.wp.com\/fidelidadacuba.org\/wp-content\/uploads\/2020\/08\/1-lam-maduro.png?fit=640%2C426&ssl=1",640,426,true],"gs-square-thumb":["https:\/\/i0.wp.com\/fidelidadacuba.org\/wp-content\/uploads\/2020\/08\/1-lam-maduro.png?resize=420%2C420&ssl=1",420,420,true],"400x600":["https:\/\/i0.wp.com\/fidelidadacuba.org\/wp-content\/uploads\/2020\/08\/1-lam-maduro.png?resize=400%2C498&ssl=1",400,498,true],"250x375":["https:\/\/i0.wp.com\/fidelidadacuba.org\/wp-content\/uploads\/2020\/08\/1-lam-maduro.png?resize=250%2C375&ssl=1",250,375,true],"1536x1536":["https:\/\/i0.wp.com\/fidelidadacuba.org\/wp-content\/uploads\/2020\/08\/1-lam-maduro.png?fit=748%2C498&ssl=1",748,498,true],"2048x2048":["https:\/\/i0.wp.com\/fidelidadacuba.org\/wp-content\/uploads\/2020\/08\/1-lam-maduro.png?fit=748%2C498&ssl=1",748,498,true],"trp-custom-language-flag":["https:\/\/i0.wp.com\/fidelidadacuba.org\/wp-content\/uploads\/2020\/08\/1-lam-maduro.png?fit=18%2C12&ssl=1",18,12,true],"power-magazine-slider":["https:\/\/i0.wp.com\/fidelidadacuba.org\/wp-content\/uploads\/2020\/08\/1-lam-maduro.png?resize=748%2C498&ssl=1",748,498,true],"power-magazine-mixed":["https:\/\/i0.wp.com\/fidelidadacuba.org\/wp-content\/uploads\/2020\/08\/1-lam-maduro.png?resize=194%2C194&ssl=1",194,194,true],"power-magazine-mixed-large":["https:\/\/i0.wp.com\/fidelidadacuba.org\/wp-content\/uploads\/2020\/08\/1-lam-maduro.png?resize=360%2C212&ssl=1",360,212,true],"power-magazine-masonry-large":["https:\/\/i0.wp.com\/fidelidadacuba.org\/wp-content\/uploads\/2020\/08\/1-lam-maduro.png?resize=360%2C440&ssl=1",360,440,true],"rpwe-thumbnail":["https:\/\/fidelidadacuba.org\/wp-content\/uploads\/2020\/08\/1-lam-maduro.png",45,30,false]},"uagb_author_info":{"display_name":"Yhonny Garc\u00eca Calles","author_link":"https:\/\/fidelidadacuba.org\/en\/author\/yhonnyg\/"},"uagb_comment_info":0,"uagb_excerpt":"Caracas, 10 ago (Prensa Latina) El gobierno de Venezuela persevera hoy en el enfrentamiento a la propagaci\u00f3n de la pandemia de Covid-19, ante el sostenido aumento de casos de la enfermedad en el pa\u00eds, asegur\u00f3 el presidente, Nicol\u00e1s Maduro.A trav\u00e9s de la red social Twitter, el mandatario precis\u00f3 que el Ejecutivo nacional mantiene una coordinaci\u00f3n&hellip;","jetpack_sharing_enabled":true,"_links":{"self":[{"href":"https:\/\/fidelidadacuba.org\/en\/wp-json\/wp\/v2\/posts\/326","targetHints":{"allow":["GET"]}}],"collection":[{"href":"https:\/\/fidelidadacuba.org\/en\/wp-json\/wp\/v2\/posts"}],"about":[{"href":"https:\/\/fidelidadacuba.org\/en\/wp-json\/wp\/v2\/types\/post"}],"author":[{"embeddable":true,"href":"https:\/\/fidelidadacuba.org\/en\/wp-json\/wp\/v2\/users\/3"}],"replies":[{"embeddable":true,"href":"https:\/\/fidelidadacuba.org\/en\/wp-json\/wp\/v2\/comments?post=326"}],"version-history":[{"count":1,"href":"https:\/\/fidelidadacuba.org\/en\/wp-json\/wp\/v2\/posts\/326\/revisions"}],"predecessor-version":[{"id":328,"href":"https:\/\/fidelidadacuba.org\/en\/wp-json\/wp\/v2\/posts\/326\/revisions\/328"}],"wp:featuredmedia":[{"embeddable":true,"href":"https:\/\/fidelidadacuba.org\/en\/wp-json\/wp\/v2\/media\/327"}],"wp:attachment":[{"href":"https:\/\/fidelidadacuba.org\/en\/wp-json\/wp\/v2\/media?parent=326"}],"wp:term":[{"taxonomy":"category","embeddable":true,"href":"https:\/\/fidelidadacuba.org\/en\/wp-json\/wp\/v2\/categories?post=326"},{"taxonomy":"post_tag","embeddable":true,"href":"https:\/\/fidelidadacuba.org\/en\/wp-json\/wp\/v2\/tags?post=326"}],"curies":[{"name":"wp","href":"https:\/\/api.w.org\/{rel}","templated":true}]}}