{"id":324,"date":"2020-08-10T18:44:52","date_gmt":"2020-08-10T18:44:52","guid":{"rendered":"https:\/\/fidelidadacuba.org\/?p=324"},"modified":"2020-08-10T18:58:14","modified_gmt":"2020-08-10T18:58:14","slug":"resalta-presidente-diaz-canel-legado-de-fidel-castro-en-doctrina-medica-de-cuba","status":"publish","type":"post","link":"https:\/\/fidelidadacuba.org\/en\/resalta-presidente-diaz-canel-legado-de-fidel-castro-en-doctrina-medica-de-cuba\/","title":{"rendered":"Resalta presidente D\u00edaz-Canel legado de Fidel Castro en doctrina m\u00e9dica de Cuba"},"content":{"rendered":"<p>En un mensaje publicado en su cuenta en Twitter, el mandatario record\u00f3 palabras del Comandante en Jefe, como se le conoce tambi\u00e9n en la isla, en su discurso a los estudiantes graduados del Instituto Superior de Ciencias M\u00e9dicas de La Habana, en agosto de 1999.<\/p>\n\n\n\n<p>\u2018Nuestra misi\u00f3n es crear una doctrina con relaci\u00f3n a la salud humana, demostrar un ejemplo de lo que puede hacerse en ese campo que es, desde luego, el m\u00e1s sensible para cualquier persona en el mundo. El m\u00e9dico tiene en sus manos la vida y la salud de las personas\u2019, asever\u00f3 entonces Fidel Castro.<\/p>\n\n\n\n<p>En otro mensaje publicado el s\u00e1bado, el jefe de Estado cubano reconoci\u00f3 los esfuerzos del personal de salud de la naci\u00f3n caribe\u00f1a en el actual enfrentamiento a la Covid-19 y convoc\u00f3 a la disciplina de acuerdo con el ejemplo de los galenos. \u2018Hay que echar el extra a lo cubano. La mejor manera de hacerlo es imitando a esos h\u00e9roes de nuestros d\u00edas, a los que aplaudimos todas las noches. Trabajemos (\u2026) como ellos, honrando el sacrificio con nuestra disciplina\u2019, escribi\u00f3.<\/p>\n\n\n\n<p>#PorSiempreFidel<\/p>\n\n\n\n<p>#FelicidadesFidel<\/p>","protected":false},"excerpt":{"rendered":"<p>En un mensaje publicado en su cuenta en Twitter, el mandatario record\u00f3 palabras del Comandante en Jefe, como se le conoce tambi\u00e9n en la isla, en su discurso a los estudiantes graduados del Instituto Superior de Ciencias M\u00e9dicas de La Habana, en agosto de 1999. \u2018Nuestra misi\u00f3n es crear una doctrina con relaci\u00f3n a la [&hellip;]<\/p>\n","protected":false},"author":3,"featured_media":329,"comment_status":"closed","ping_status":"open","sticky":false,"template":"","format":"standard","meta":{"nf_dc_page":"","om_disable_all_campaigns":false,"_uag_custom_page_level_css":"","_monsterinsights_skip_tracking":false,"_monsterinsights_sitenote_active":false,"_monsterinsights_sitenote_note":"","_monsterinsights_sitenote_category":0,"_jetpack_memberships_contains_paid_content":false,"footnotes":""},"categories":[5,3,6],"tags":[],"class_list":["post-324","post","type-post","status-publish","format-standard","has-post-thumbnail","hentry","category-cuba","category-noticias","category-venezuela"],"jetpack_featured_media_url":"https:\/\/i0.wp.com\/fidelidadacuba.org\/wp-content\/uploads\/2020\/08\/fidel-elam.jpg?fit=448%2C244&ssl=1","uagb_featured_image_src":{"full":["https:\/\/i0.wp.com\/fidelidadacuba.org\/wp-content\/uploads\/2020\/08\/fidel-elam.jpg?fit=448%2C244&ssl=1",448,244,false],"thumbnail":["https:\/\/i0.wp.com\/fidelidadacuba.org\/wp-content\/uploads\/2020\/08\/fidel-elam.jpg?resize=150%2C150&ssl=1",150,150,true],"medium":["https:\/\/i0.wp.com\/fidelidadacuba.org\/wp-content\/uploads\/2020\/08\/fidel-elam.jpg?fit=300%2C163&ssl=1",300,163,true],"medium_large":["https:\/\/i0.wp.com\/fidelidadacuba.org\/wp-content\/uploads\/2020\/08\/fidel-elam.jpg?fit=448%2C244&ssl=1",448,244,true],"large":["https:\/\/i0.wp.com\/fidelidadacuba.org\/wp-content\/uploads\/2020\/08\/fidel-elam.jpg?fit=448%2C244&ssl=1",448,244,true],"gs-square-thumb":["https:\/\/i0.wp.com\/fidelidadacuba.org\/wp-content\/uploads\/2020\/08\/fidel-elam.jpg?resize=420%2C244&ssl=1",420,244,true],"400x600":["https:\/\/i0.wp.com\/fidelidadacuba.org\/wp-content\/uploads\/2020\/08\/fidel-elam.jpg?resize=400%2C244&ssl=1",400,244,true],"250x375":["https:\/\/i0.wp.com\/fidelidadacuba.org\/wp-content\/uploads\/2020\/08\/fidel-elam.jpg?resize=250%2C244&ssl=1",250,244,true],"1536x1536":["https:\/\/i0.wp.com\/fidelidadacuba.org\/wp-content\/uploads\/2020\/08\/fidel-elam.jpg?fit=448%2C244&ssl=1",448,244,true],"2048x2048":["https:\/\/i0.wp.com\/fidelidadacuba.org\/wp-content\/uploads\/2020\/08\/fidel-elam.jpg?fit=448%2C244&ssl=1",448,244,true],"trp-custom-language-flag":["https:\/\/i0.wp.com\/fidelidadacuba.org\/wp-content\/uploads\/2020\/08\/fidel-elam.jpg?fit=18%2C10&ssl=1",18,10,true],"power-magazine-slider":["https:\/\/i0.wp.com\/fidelidadacuba.org\/wp-content\/uploads\/2020\/08\/fidel-elam.jpg?resize=448%2C244&ssl=1",448,244,true],"power-magazine-mixed":["https:\/\/i0.wp.com\/fidelidadacuba.org\/wp-content\/uploads\/2020\/08\/fidel-elam.jpg?resize=194%2C194&ssl=1",194,194,true],"power-magazine-mixed-large":["https:\/\/i0.wp.com\/fidelidadacuba.org\/wp-content\/uploads\/2020\/08\/fidel-elam.jpg?resize=360%2C212&ssl=1",360,212,true],"power-magazine-masonry-large":["https:\/\/i0.wp.com\/fidelidadacuba.org\/wp-content\/uploads\/2020\/08\/fidel-elam.jpg?resize=360%2C244&ssl=1",360,244,true],"rpwe-thumbnail":["https:\/\/fidelidadacuba.org\/wp-content\/uploads\/2020\/08\/fidel-elam.jpg",45,25,false]},"uagb_author_info":{"display_name":"Yhonny Garc\u00eca Calles","author_link":"https:\/\/fidelidadacuba.org\/en\/author\/yhonnyg\/"},"uagb_comment_info":0,"uagb_excerpt":"En un mensaje publicado en su cuenta en Twitter, el mandatario record\u00f3 palabras del Comandante en Jefe, como se le conoce tambi\u00e9n en la isla, en su discurso a los estudiantes graduados del Instituto Superior de Ciencias M\u00e9dicas de La Habana, en agosto de 1999. \u2018Nuestra misi\u00f3n es crear una doctrina con relaci\u00f3n a la&hellip;","jetpack_sharing_enabled":true,"_links":{"self":[{"href":"https:\/\/fidelidadacuba.org\/en\/wp-json\/wp\/v2\/posts\/324","targetHints":{"allow":["GET"]}}],"collection":[{"href":"https:\/\/fidelidadacuba.org\/en\/wp-json\/wp\/v2\/posts"}],"about":[{"href":"https:\/\/fidelidadacuba.org\/en\/wp-json\/wp\/v2\/types\/post"}],"author":[{"embeddable":true,"href":"https:\/\/fidelidadacuba.org\/en\/wp-json\/wp\/v2\/users\/3"}],"replies":[{"embeddable":true,"href":"https:\/\/fidelidadacuba.org\/en\/wp-json\/wp\/v2\/comments?post=324"}],"version-history":[{"count":1,"href":"https:\/\/fidelidadacuba.org\/en\/wp-json\/wp\/v2\/posts\/324\/revisions"}],"predecessor-version":[{"id":325,"href":"https:\/\/fidelidadacuba.org\/en\/wp-json\/wp\/v2\/posts\/324\/revisions\/325"}],"wp:featuredmedia":[{"embeddable":true,"href":"https:\/\/fidelidadacuba.org\/en\/wp-json\/wp\/v2\/media\/329"}],"wp:attachment":[{"href":"https:\/\/fidelidadacuba.org\/en\/wp-json\/wp\/v2\/media?parent=324"}],"wp:term":[{"taxonomy":"category","embeddable":true,"href":"https:\/\/fidelidadacuba.org\/en\/wp-json\/wp\/v2\/categories?post=324"},{"taxonomy":"post_tag","embeddable":true,"href":"https:\/\/fidelidadacuba.org\/en\/wp-json\/wp\/v2\/tags?post=324"}],"curies":[{"name":"wp","href":"https:\/\/api.w.org\/{rel}","templated":true}]}}