{"id":321,"date":"2020-08-10T18:40:51","date_gmt":"2020-08-10T18:40:51","guid":{"rendered":"https:\/\/fidelidadacuba.org\/?p=321"},"modified":"2020-08-10T18:41:05","modified_gmt":"2020-08-10T18:41:05","slug":"leal-chavez-y-fidel","status":"publish","type":"post","link":"https:\/\/fidelidadacuba.org\/en\/leal-chavez-y-fidel\/","title":{"rendered":"Leal, Ch\u00e1vez y Fidel"},"content":{"rendered":"<p>La muerte de Eusebio Leal sacudi\u00f3 la isla. Vi llorar a cubanos de todos los sectores y de todos los colores, profesionales, obreros, poetas, periodistas, gentes venidas desde distintos lugares de Cuba, cronistas que le han seguido el rastro, amigos, mujeres y hombres que se cruzaron con \u00e9l alguna vez en la presentaci\u00f3n de un libro o en la calle. \u00bfPor qu\u00e9 le quieren tanto? Su amiga desde hace d\u00e9cadas,&nbsp;<a href=\"http:\/\/www.granma.cu\/opinion\/2020-08-01\/el-privilegio-de-tu-amistad-01-08-2020-00-08-40\" target=\"_blank\" rel=\"noreferrer noopener\">la cineasta Rebeca Ch\u00e1vez<\/a>, me dijo con voz quebrada que le quer\u00edan porque representaba, en el siglo XX y a\u00fan m\u00e1s all\u00e1, &#8220;un monumento cubano, como La Habana&#8221;.<\/p>\n\n\n\n<p>Me hago tambi\u00e9n esa pregunta y la mejor respuesta que encuentro no va por los caminos ya recorridos en los m\u00faltiples obituarios que le han dedicado al Historiador de La Habana, quien muri\u00f3 el pasado 31 de julio, a los 77 a\u00f1os. Era, sin dudas, un esp\u00edritu renacentista y uno de los grandes oradores de la historia de un pa\u00eds que no ha carecido de ellos.&nbsp; Cat\u00f3lico y comunista, idealista y hombre pr\u00e1ctico, alguien que defendi\u00f3 \u201ccentavo a centavo, ladrillo a ladrillo, la obra del Centro hist\u00f3rico\u201d,&nbsp;<a href=\"http:\/\/www.granma.cu\/opinion\/2020-08-01\/el-privilegio-de-tu-amistad-01-08-2020-00-08-40\" target=\"_blank\" rel=\"noreferrer noopener\">dice Rebeca<\/a>. Era todo eso, pero tambi\u00e9n un intelectual de fino instinto pol\u00edtico que, sin propon\u00e9rselo, tom\u00f3 decisiones que transformaron al continente latinoamericano.&nbsp;<\/p>\n\n\n\n<p>Fue Leal quien invit\u00f3 a Hugo Ch\u00e1vez a La Habana y aquella primera visita a Cuba en diciembre de 1994, con Fidel Castro rindi\u00e9ndole honores de Jefe de Estado al joven militar, cambi\u00f3 el curso de la Historia en la regi\u00f3n.<\/p>\n\n\n\n<p>Los detalles est\u00e1n narrados en&nbsp;<a href=\"http:\/\/media.cubadebate.cu\/wp-content\/uploads\/2013\/03\/el-encuentro_rosa-miriam-elizalde_luis-baez.pdf\" target=\"_blank\" rel=\"noreferrer noopener\"><strong>El Encuentro<\/strong><\/a>, un libro que escrib\u00ed con el periodista Luis B\u00e1ez a partir del testimonio de todos sus protagonistas. En julio de 1994, el Teniente Coronel venezolano y h\u00e9roe de una rebeli\u00f3n militar por la que hab\u00eda penado dos a\u00f1os en la c\u00e1rcel, ofrec\u00eda una conferencia de prensa en el Ateneo de Caracas: \u201cCuando ya casi me iba, me dijeron que hab\u00eda un cubano hablando de Bol\u00edvar en una de las salas del piso superior. Sub\u00ed\u0301, pero cuando llegu\u00e9, ya estaba terminando. La impart\u00eda Eusebio Leal, el primer cubano que me invit\u00f3 a la Isla\u201d,&nbsp;<a href=\"http:\/\/www.cubadebate.cu\/wp-content\/uploads\/2013\/03\/el-encuentro_rosa-miriam-elizalde_luis-baez.pdf\">nos contar\u00eda Ch\u00e1vez<\/a>&nbsp;diez a\u00f1os despu\u00e9s, en un vuelo de La Habana a Caracas.<\/p>\n\n\n\n<p>Comparto con los lectores un fragmento de la entrevista que me concedi\u00f3 Eusebio para ese libro. El testimonio, poco conocido, no solo hace justicia a todos los protagonistas de esta historia. Revela la especial sensibilidad del Historiador de La Habana y da nuevas pistas de por qu\u00e9 lloran los cubanos en esta despedida en la que no han faltado flores, m\u00fasica y \u201cs\u00e1banas blancas colgadas en los balcones\u201d, como dice el estribillo de una canci\u00f3n del cantautor Gerardo Alfonso que todo habanero asocia con Leal andando por su amada ciudad.<\/p>\n\n\n\n<p>Cuenta Eusebio en&nbsp;<a href=\"http:\/\/media.cubadebate.cu\/wp-content\/uploads\/2013\/03\/el-encuentro_rosa-miriam-elizalde_luis-baez.pdf\" target=\"_blank\" rel=\"noreferrer noopener\"><strong>El Encuentro<\/strong><\/a>:<\/p>\n\n\n\n<blockquote class=\"wp-block-quote is-layout-flow wp-block-quote-is-layout-flow\"><p><em>En muy poco tiempo, Ch\u00e1vez se convertir\u00e1 en uno de los disc\u00edpulos m\u00e1s sinceros de Fidel. No es el \u00fanico, pero s\u00ed uno muy especial. Es un disc\u00edpulo que considera a Fidel \u2013y lo ha dicho\u2013, como un padre, hasta el extremo de darle el arma con que luch\u00f3; hasta el extremo de ser fiel a su amistad y, en el momento terrible del golpe de Estado, de haberlo llamado y de haber sido consecuente con lo que Fidel le dijo. Y hasta el extremo de haber logrado sembrar \u00e9l tambi\u00e9n lo suficiente para que fuera su propio pueblo quien lo sacara del encierro y le devolviera lo que leg\u00edtimamente hab\u00eda conquistado.<\/em><\/p><p><em>Alg\u00fan d\u00eda nos preguntaremos si, en estos a\u00f1os dif\u00edciles que hemos vivido, podr\u00edamos haber existido sin la Venezuela bolivariana, sin el esp\u00edritu de solidaridad de ese pa\u00eds. Una solidaridad que no ha sido solo para Cuba, porque en medio del ego\u00edsmo y de las tonter\u00edas con que a veces se analiza la probable concertaci\u00f3n latinoamericana, por lo general no se hace nada concreto.<\/em><\/p><p><em>Sin embargo, el gobierno de Ch\u00e1vez ha apoyado a los pueblos m\u00e1s pobres, a los m\u00e1s desgraciados. Como lo ha hecho Cuba. A m\u00ed me han comentado por ah\u00ed: \u201cBueno, pero a Cuba le cuesta mucho esa solidaridad\u201d, por los kil\u00f3metros de m\u00e9dicos que tiene en los lugares m\u00e1s rec\u00f3nditos de Venezuela. Y les digo: \u201cNadie podr\u00eda retribuir lo suficiente una sola noche de insomnio de un m\u00e9dico, de un ginec\u00f3logo, de un estomat\u00f3logo &#8230; Nadie sabe mejor que ellos lo que es el dolor humano, y lo que significa ese otro maravilloso sentimiento que es la gratitud. Si fu\u00e9ramos a contar todo en d\u00f3lares \u2013que ser\u00eda fat\u00eddico\u2013, entonces nuestra deuda no ser\u00eda pagada. Pero si lo vamos a contar en t\u00e9rminos de lo que Cuba y Venezuela han hecho por el ser humano que sufre y por el amigo que lo necesita, est\u00e1 suficientemente pagada.&nbsp;<strong>Y eso nada m\u00e1s lo entiende el que siente que debe y puede hacer algo por la humanidad<\/strong>.<\/em><\/p><\/blockquote>\n\n\n\n<p>Descargue en&nbsp;<a rel=\"noreferrer noopener\" target=\"_blank\" href=\"http:\/\/www.cubadebate.cu\/\">Cubadebate<\/a>&nbsp;el libro de Rosa Miriam Elizalde y Luis B\u00e1ez:&nbsp;<a href=\"http:\/\/media.cubadebate.cu\/wp-content\/uploads\/2013\/03\/el-encuentro_rosa-miriam-elizalde_luis-baez.pdf\">El Encuentro (2005)<\/a><\/p>","protected":false},"excerpt":{"rendered":"<p>La muerte de Eusebio Leal sacudi\u00f3 la isla. Vi llorar a cubanos de todos los sectores y de todos los colores, profesionales, obreros, poetas, periodistas, gentes venidas desde distintos lugares de Cuba, cronistas que le han seguido el rastro, amigos, mujeres y hombres que se cruzaron con \u00e9l alguna vez en la presentaci\u00f3n de un [&hellip;]<\/p>\n","protected":false},"author":3,"featured_media":320,"comment_status":"closed","ping_status":"open","sticky":false,"template":"","format":"standard","meta":{"nf_dc_page":"","om_disable_all_campaigns":false,"_uag_custom_page_level_css":"","_monsterinsights_skip_tracking":false,"_monsterinsights_sitenote_active":false,"_monsterinsights_sitenote_note":"","_monsterinsights_sitenote_category":0,"_jetpack_memberships_contains_paid_content":false,"footnotes":""},"categories":[5,3,6],"tags":[],"class_list":["post-321","post","type-post","status-publish","format-standard","has-post-thumbnail","hentry","category-cuba","category-noticias","category-venezuela"],"jetpack_featured_media_url":"https:\/\/i0.wp.com\/fidelidadacuba.org\/wp-content\/uploads\/2020\/08\/Leal-Fidel-Y-Ch%C3%A1vez-1.jpg?fit=580%2C419&ssl=1","uagb_featured_image_src":{"full":["https:\/\/i0.wp.com\/fidelidadacuba.org\/wp-content\/uploads\/2020\/08\/Leal-Fidel-Y-Ch%C3%A1vez-1.jpg?fit=580%2C419&ssl=1",580,419,false],"thumbnail":["https:\/\/i0.wp.com\/fidelidadacuba.org\/wp-content\/uploads\/2020\/08\/Leal-Fidel-Y-Ch%C3%A1vez-1.jpg?resize=150%2C150&ssl=1",150,150,true],"medium":["https:\/\/i0.wp.com\/fidelidadacuba.org\/wp-content\/uploads\/2020\/08\/Leal-Fidel-Y-Ch%C3%A1vez-1.jpg?fit=300%2C217&ssl=1",300,217,true],"medium_large":["https:\/\/i0.wp.com\/fidelidadacuba.org\/wp-content\/uploads\/2020\/08\/Leal-Fidel-Y-Ch%C3%A1vez-1.jpg?fit=580%2C419&ssl=1",580,419,true],"large":["https:\/\/i0.wp.com\/fidelidadacuba.org\/wp-content\/uploads\/2020\/08\/Leal-Fidel-Y-Ch%C3%A1vez-1.jpg?fit=580%2C419&ssl=1",580,419,true],"gs-square-thumb":["https:\/\/i0.wp.com\/fidelidadacuba.org\/wp-content\/uploads\/2020\/08\/Leal-Fidel-Y-Ch%C3%A1vez-1.jpg?resize=420%2C419&ssl=1",420,419,true],"400x600":["https:\/\/i0.wp.com\/fidelidadacuba.org\/wp-content\/uploads\/2020\/08\/Leal-Fidel-Y-Ch%C3%A1vez-1.jpg?resize=400%2C419&ssl=1",400,419,true],"250x375":["https:\/\/i0.wp.com\/fidelidadacuba.org\/wp-content\/uploads\/2020\/08\/Leal-Fidel-Y-Ch%C3%A1vez-1.jpg?resize=250%2C375&ssl=1",250,375,true],"1536x1536":["https:\/\/i0.wp.com\/fidelidadacuba.org\/wp-content\/uploads\/2020\/08\/Leal-Fidel-Y-Ch%C3%A1vez-1.jpg?fit=580%2C419&ssl=1",580,419,true],"2048x2048":["https:\/\/i0.wp.com\/fidelidadacuba.org\/wp-content\/uploads\/2020\/08\/Leal-Fidel-Y-Ch%C3%A1vez-1.jpg?fit=580%2C419&ssl=1",580,419,true],"trp-custom-language-flag":["https:\/\/i0.wp.com\/fidelidadacuba.org\/wp-content\/uploads\/2020\/08\/Leal-Fidel-Y-Ch%C3%A1vez-1.jpg?fit=18%2C12&ssl=1",18,12,true],"power-magazine-slider":["https:\/\/i0.wp.com\/fidelidadacuba.org\/wp-content\/uploads\/2020\/08\/Leal-Fidel-Y-Ch%C3%A1vez-1.jpg?resize=580%2C419&ssl=1",580,419,true],"power-magazine-mixed":["https:\/\/i0.wp.com\/fidelidadacuba.org\/wp-content\/uploads\/2020\/08\/Leal-Fidel-Y-Ch%C3%A1vez-1.jpg?resize=194%2C194&ssl=1",194,194,true],"power-magazine-mixed-large":["https:\/\/i0.wp.com\/fidelidadacuba.org\/wp-content\/uploads\/2020\/08\/Leal-Fidel-Y-Ch%C3%A1vez-1.jpg?resize=360%2C212&ssl=1",360,212,true],"power-magazine-masonry-large":["https:\/\/i0.wp.com\/fidelidadacuba.org\/wp-content\/uploads\/2020\/08\/Leal-Fidel-Y-Ch%C3%A1vez-1.jpg?resize=360%2C419&ssl=1",360,419,true],"rpwe-thumbnail":["https:\/\/fidelidadacuba.org\/wp-content\/uploads\/2020\/08\/Leal-Fidel-Y-Ch\u00e1vez-1.jpg",45,33,false]},"uagb_author_info":{"display_name":"Yhonny Garc\u00eca Calles","author_link":"https:\/\/fidelidadacuba.org\/en\/author\/yhonnyg\/"},"uagb_comment_info":0,"uagb_excerpt":"La muerte de Eusebio Leal sacudi\u00f3 la isla. Vi llorar a cubanos de todos los sectores y de todos los colores, profesionales, obreros, poetas, periodistas, gentes venidas desde distintos lugares de Cuba, cronistas que le han seguido el rastro, amigos, mujeres y hombres que se cruzaron con \u00e9l alguna vez en la presentaci\u00f3n de un&hellip;","jetpack_sharing_enabled":true,"_links":{"self":[{"href":"https:\/\/fidelidadacuba.org\/en\/wp-json\/wp\/v2\/posts\/321","targetHints":{"allow":["GET"]}}],"collection":[{"href":"https:\/\/fidelidadacuba.org\/en\/wp-json\/wp\/v2\/posts"}],"about":[{"href":"https:\/\/fidelidadacuba.org\/en\/wp-json\/wp\/v2\/types\/post"}],"author":[{"embeddable":true,"href":"https:\/\/fidelidadacuba.org\/en\/wp-json\/wp\/v2\/users\/3"}],"replies":[{"embeddable":true,"href":"https:\/\/fidelidadacuba.org\/en\/wp-json\/wp\/v2\/comments?post=321"}],"version-history":[{"count":1,"href":"https:\/\/fidelidadacuba.org\/en\/wp-json\/wp\/v2\/posts\/321\/revisions"}],"predecessor-version":[{"id":322,"href":"https:\/\/fidelidadacuba.org\/en\/wp-json\/wp\/v2\/posts\/321\/revisions\/322"}],"wp:featuredmedia":[{"embeddable":true,"href":"https:\/\/fidelidadacuba.org\/en\/wp-json\/wp\/v2\/media\/320"}],"wp:attachment":[{"href":"https:\/\/fidelidadacuba.org\/en\/wp-json\/wp\/v2\/media?parent=321"}],"wp:term":[{"taxonomy":"category","embeddable":true,"href":"https:\/\/fidelidadacuba.org\/en\/wp-json\/wp\/v2\/categories?post=321"},{"taxonomy":"post_tag","embeddable":true,"href":"https:\/\/fidelidadacuba.org\/en\/wp-json\/wp\/v2\/tags?post=321"}],"curies":[{"name":"wp","href":"https:\/\/api.w.org\/{rel}","templated":true}]}}