{"id":300,"date":"2020-05-10T13:02:57","date_gmt":"2020-05-10T13:02:57","guid":{"rendered":"https:\/\/fidelidadacuba.org\/?p=300"},"modified":"2020-05-10T13:03:12","modified_gmt":"2020-05-10T13:03:12","slug":"dia-del-trabajador","status":"publish","type":"post","link":"https:\/\/fidelidadacuba.org\/en\/dia-del-trabajador\/","title":{"rendered":"D\u00eda del Trabajador"},"content":{"rendered":"<p>O1 DE MAYO DE 1959 EN CUBA<\/p>\n\n\n\n<p>Jos\u00e9 A. Bottini Mar\u00edn.<\/p>\n\n\n\n<p>El 29 de abril de 1959, a las 10 am, part\u00eda desde Maiquet\u00eda hacia la Habana, la delegaci\u00f3n de Venezuela, invitada por el Gobierno Revolucionario de Cuba a participar en la primera celebraci\u00f3n del D\u00eda del Trabajador despu\u00e9s del triunfo de la Revoluci\u00f3n. Era la \u00fanica delegaci\u00f3n invitada especial a dicho evento y para su transporte se envi\u00f3, desde Cuba, un avi\u00f3n de Cubana de Aviaci\u00f3n.<\/p>\n\n\n\n<p>La delegaci\u00f3n estuvo conformada por militantes de los partidos, instituciones, y personalidades, que hab\u00edan apoyado la lucha revolucionaria del pueblo cubano contra la dictadura de Fulgencio Batista, apoyada por el gobierno de los Estados Unidos.<\/p>\n\n\n\n<p>La Delegaci\u00f3n de la Universidad Central de Venezuela, era la m\u00e1s numerosa, y estaba integrada por profesores y alumnos de los partidos de izquierda que hac\u00edan vida activa en ella, y que durante la lucha guerrillera contra la dictadura, llevaron adelante la campa\u00f1a exitosa de recaudaci\u00f3n entre la poblaci\u00f3n, de \u201cun bol\u00edvar para la Sierra\u201d.<br>Unas 120 personas integraron nuestra Delegaci\u00f3n, por la UCV recuerdo a Teodoro Petkof. Sanoni, y Alcides Villalba, por el PCV; por URD, V\u00edctor Ochoa, Germ\u00e1n Gonz\u00e1lez Seg\u00eda, C\u00e9sar Araujo, y mi persona. Entre otros participantes recuerdo al Padre Soto, P\u00e1rroco de la Parroquia Las Vegas, y H\u00e9ctor Cuenca.<\/p>\n\n\n\n<p>En el aeropuerto de la Habana fuimos objeto de un recibimiento apote\u00f3sico por parte de las autoridades y el pueblo. Fuimos trasladados a un hotel reci\u00e9n nacionalizado por la Revoluci\u00f3n, situado en El Vedado, zona de residencia de la burgues\u00eda habanera.<\/p>\n\n\n\n<p>Al amanecer del 1 de Mayo, partimos, desde Gy25 del Vedado, hacia la Plaza de la Revoluci\u00f3n, caminando por la avenida que conduce a dicha plaza, con nuestra Bandera Nacional al frente, cantando el glorioso himno \u201c26 de Julio\u201d.<br>Al llegar a la Plaza fuimos ubicados en el Palco de Honor; all\u00ed compartimos tan magno espect\u00e1culo al lado del Ch\u00e9, Camilo, Raul, Almeida, Oswaldo Dortic\u00f3s, y el resto de la Plana Mayor de la Revoluci\u00f3n. Fidel, no estuvo presente por encontrarse en los Estados Unidos, invitado por un Asociaci\u00f3n de Periodistas, interesados en lograr una entrevista de Fidel con el Presidente de los Estados Unidos, D. Eisenhover.<\/p>\n\n\n\n<p>Para m\u00ed, ha sido una de las experiencias m\u00e1s gratas e importantes de mi vida: Ah\u00ed conoc\u00ed personalmente, lo que es una verdadera Revoluci\u00f3n, lo que una naci\u00f3n puede lograr cuando se une para conquistar su libertad, y tuve la esperanza de vivir esa experiencia en mi pa\u00eds.<\/p>\n\n\n\n<p>A veces, cuando me azota el pesimismo recurro a las fotos que guardo de esa fecha, y siento de nuevo esa esperanza.<\/p>\n\n\n\n<p>Cuman\u00e1 1\u00b0 de mayo de 2020.<\/p>\n\n\n\n<p>Yhonny Garc\u00eda Calles<\/p>","protected":false},"excerpt":{"rendered":"<p>O1 DE MAYO DE 1959 EN CUBA Jos\u00e9 A. Bottini Mar\u00edn. El 29 de abril de 1959, a las 10 am, part\u00eda desde Maiquet\u00eda hacia la Habana, la delegaci\u00f3n de Venezuela, invitada por el Gobierno Revolucionario de Cuba a participar en la primera celebraci\u00f3n del D\u00eda del Trabajador despu\u00e9s del triunfo de la Revoluci\u00f3n. Era [&hellip;]<\/p>\n","protected":false},"author":3,"featured_media":301,"comment_status":"closed","ping_status":"open","sticky":false,"template":"","format":"standard","meta":{"nf_dc_page":"","om_disable_all_campaigns":false,"_uag_custom_page_level_css":"","_monsterinsights_skip_tracking":false,"_monsterinsights_sitenote_active":false,"_monsterinsights_sitenote_note":"","_monsterinsights_sitenote_category":0,"_jetpack_memberships_contains_paid_content":false,"footnotes":""},"categories":[5,3,6],"tags":[],"class_list":["post-300","post","type-post","status-publish","format-standard","has-post-thumbnail","hentry","category-cuba","category-noticias","category-venezuela"],"jetpack_featured_media_url":"https:\/\/i0.wp.com\/fidelidadacuba.org\/wp-content\/uploads\/2020\/05\/IMG-20200509-WA0064.jpg?fit=724%2C569&ssl=1","uagb_featured_image_src":{"full":["https:\/\/i0.wp.com\/fidelidadacuba.org\/wp-content\/uploads\/2020\/05\/IMG-20200509-WA0064.jpg?fit=724%2C569&ssl=1",724,569,false],"thumbnail":["https:\/\/i0.wp.com\/fidelidadacuba.org\/wp-content\/uploads\/2020\/05\/IMG-20200509-WA0064.jpg?resize=150%2C150&ssl=1",150,150,true],"medium":["https:\/\/i0.wp.com\/fidelidadacuba.org\/wp-content\/uploads\/2020\/05\/IMG-20200509-WA0064.jpg?fit=300%2C236&ssl=1",300,236,true],"medium_large":["https:\/\/i0.wp.com\/fidelidadacuba.org\/wp-content\/uploads\/2020\/05\/IMG-20200509-WA0064.jpg?fit=640%2C503&ssl=1",640,503,true],"large":["https:\/\/i0.wp.com\/fidelidadacuba.org\/wp-content\/uploads\/2020\/05\/IMG-20200509-WA0064.jpg?fit=640%2C503&ssl=1",640,503,true],"gs-square-thumb":["https:\/\/i0.wp.com\/fidelidadacuba.org\/wp-content\/uploads\/2020\/05\/IMG-20200509-WA0064.jpg?resize=420%2C420&ssl=1",420,420,true],"400x600":["https:\/\/i0.wp.com\/fidelidadacuba.org\/wp-content\/uploads\/2020\/05\/IMG-20200509-WA0064.jpg?resize=400%2C569&ssl=1",400,569,true],"250x375":["https:\/\/i0.wp.com\/fidelidadacuba.org\/wp-content\/uploads\/2020\/05\/IMG-20200509-WA0064.jpg?resize=250%2C375&ssl=1",250,375,true],"1536x1536":["https:\/\/i0.wp.com\/fidelidadacuba.org\/wp-content\/uploads\/2020\/05\/IMG-20200509-WA0064.jpg?fit=724%2C569&ssl=1",724,569,true],"2048x2048":["https:\/\/i0.wp.com\/fidelidadacuba.org\/wp-content\/uploads\/2020\/05\/IMG-20200509-WA0064.jpg?fit=724%2C569&ssl=1",724,569,true],"trp-custom-language-flag":["https:\/\/i0.wp.com\/fidelidadacuba.org\/wp-content\/uploads\/2020\/05\/IMG-20200509-WA0064.jpg?fit=15%2C12&ssl=1",15,12,true],"power-magazine-slider":["https:\/\/i0.wp.com\/fidelidadacuba.org\/wp-content\/uploads\/2020\/05\/IMG-20200509-WA0064.jpg?resize=724%2C500&ssl=1",724,500,true],"power-magazine-mixed":["https:\/\/i0.wp.com\/fidelidadacuba.org\/wp-content\/uploads\/2020\/05\/IMG-20200509-WA0064.jpg?resize=194%2C194&ssl=1",194,194,true],"power-magazine-mixed-large":["https:\/\/i0.wp.com\/fidelidadacuba.org\/wp-content\/uploads\/2020\/05\/IMG-20200509-WA0064.jpg?resize=360%2C212&ssl=1",360,212,true],"power-magazine-masonry-large":["https:\/\/i0.wp.com\/fidelidadacuba.org\/wp-content\/uploads\/2020\/05\/IMG-20200509-WA0064.jpg?resize=360%2C440&ssl=1",360,440,true],"rpwe-thumbnail":["https:\/\/fidelidadacuba.org\/wp-content\/uploads\/2020\/05\/IMG-20200509-WA0064.jpg",45,35,false]},"uagb_author_info":{"display_name":"Yhonny Garc\u00eca Calles","author_link":"https:\/\/fidelidadacuba.org\/en\/author\/yhonnyg\/"},"uagb_comment_info":0,"uagb_excerpt":"O1 DE MAYO DE 1959 EN CUBA Jos\u00e9 A. Bottini Mar\u00edn. El 29 de abril de 1959, a las 10 am, part\u00eda desde Maiquet\u00eda hacia la Habana, la delegaci\u00f3n de Venezuela, invitada por el Gobierno Revolucionario de Cuba a participar en la primera celebraci\u00f3n del D\u00eda del Trabajador despu\u00e9s del triunfo de la Revoluci\u00f3n. Era&hellip;","jetpack_sharing_enabled":true,"_links":{"self":[{"href":"https:\/\/fidelidadacuba.org\/en\/wp-json\/wp\/v2\/posts\/300","targetHints":{"allow":["GET"]}}],"collection":[{"href":"https:\/\/fidelidadacuba.org\/en\/wp-json\/wp\/v2\/posts"}],"about":[{"href":"https:\/\/fidelidadacuba.org\/en\/wp-json\/wp\/v2\/types\/post"}],"author":[{"embeddable":true,"href":"https:\/\/fidelidadacuba.org\/en\/wp-json\/wp\/v2\/users\/3"}],"replies":[{"embeddable":true,"href":"https:\/\/fidelidadacuba.org\/en\/wp-json\/wp\/v2\/comments?post=300"}],"version-history":[{"count":1,"href":"https:\/\/fidelidadacuba.org\/en\/wp-json\/wp\/v2\/posts\/300\/revisions"}],"predecessor-version":[{"id":302,"href":"https:\/\/fidelidadacuba.org\/en\/wp-json\/wp\/v2\/posts\/300\/revisions\/302"}],"wp:featuredmedia":[{"embeddable":true,"href":"https:\/\/fidelidadacuba.org\/en\/wp-json\/wp\/v2\/media\/301"}],"wp:attachment":[{"href":"https:\/\/fidelidadacuba.org\/en\/wp-json\/wp\/v2\/media?parent=300"}],"wp:term":[{"taxonomy":"category","embeddable":true,"href":"https:\/\/fidelidadacuba.org\/en\/wp-json\/wp\/v2\/categories?post=300"},{"taxonomy":"post_tag","embeddable":true,"href":"https:\/\/fidelidadacuba.org\/en\/wp-json\/wp\/v2\/tags?post=300"}],"curies":[{"name":"wp","href":"https:\/\/api.w.org\/{rel}","templated":true}]}}