{"id":290,"date":"2020-04-15T19:22:52","date_gmt":"2020-04-15T19:22:52","guid":{"rendered":"https:\/\/fidelidadacuba.org\/?p=290"},"modified":"2020-04-15T19:23:16","modified_gmt":"2020-04-15T19:23:16","slug":"cuba-nunca-retrocedio-como-tampoco-retrocedera-el-pueblo-venezolano","status":"publish","type":"post","link":"https:\/\/fidelidadacuba.org\/en\/cuba-nunca-retrocedio-como-tampoco-retrocedera-el-pueblo-venezolano\/","title":{"rendered":"Cuba nunca retrocedi\u00f3, como tampoco retroceder\u00e1 el pueblo venezolano."},"content":{"rendered":"<p>El Movimiento Nacional de Amistad y Solidaridad Mutua Venezuela- Cuba, denuncia ante la opini\u00f3n p\u00fablica internacional la genocida y criminal escalada de medidas que de manera excesiva aplica el Gobierno de Donald Trump contra ambos pa\u00edses, recrudeciendo el bloqueo, la persecuci\u00f3n econ\u00f3mica y financiera con el objetivo de impedir la adquisici\u00f3n de alimentos, medicinas y equipos indispensables para el enfrentamiento del Covid-19.<\/p>\n\n\n\n<p>La actitud demencial con la que arremete contra los pueblos de Bol\u00edvar y Mart\u00ed, no tiene precedente en la historia reciente. Se trata de la aplicaci\u00f3n de medidas coercitivas unilaterales violatorias del Derecho P\u00fablico Internacional, dirigidas por los halcones de Washington contra los pueblos heroicos de Venezuela y Cuba, baluartes de la esperanza por su car\u00e1cter de ejemplo de justicia social y dignidad ante el mundo.<\/p>\n\n\n\n<p>Queremos subrayar, que ambos pa\u00edses son v\u00edctimas de las recrudecidas medidas impulsadas por la \u00e9lite guerrerista que acompa\u00f1a al Dictador Universal, sometiendo a sus pueblos a complejidades extremas para desarrollar la estrategia de contener la epidemia del coronavirus y volver a la normalidad; a la vez&nbsp; despliega una gran campa\u00f1a de descr\u00e9dito de la colaboraci\u00f3n m\u00e9dica que Cuba por m\u00e1s de 50 a\u00f1os ha prestado altruista y solidariamente a los pueblos del mundo, a riesgo de exponer sus propias vidas. De igual manera, ejecuta una operaci\u00f3n quir\u00fargica para arrinconar al pueblo venezolano a los fines de generar la atm\u00f3sfera junto a sus aliados imperiales que permita el derrocamiento del Gobierno Constitucional y Leg\u00edtimo del Presidente Nicol\u00e1s Maduro. Y \u00faltimamente, ya en el marco de la paranoia imperial, se pretende con los m\u00e1s bajos y c\u00ednicos argumentos vincular a ambos gobiernos con el narcotr\u00e1fico, siendo p\u00fablico, notorio y comunicacional, que Colombia ostenta el desvergonzado trofeo de ser el mayor productor de drogas en el mundo y los Estados Unidos de Norteam\u00e9rica el principal consumidor.&nbsp;<\/p>\n\n\n\n<p>Ante esta realidad queremos recordar que Cuba nunca retrocedi\u00f3, como tampoco retroceder\u00e1 el pueblo venezolano. Nos inspira a continuar en el combate y la resistencia el ejemplo de los padres fundadores de nuestros pueblos y la gigantesca obra social realizada por el Comandante Eterno Hugo Ch\u00e1vez Fr\u00edas y por el Comandante en Jefe Fidel Castro Ruz, ejemplos imperecederos para las nuevas de generaciones de venezolan@s y cuban@s que tendr\u00e1n una patria digna, independiente y soberana.<\/p>\n\n\n\n<p>En este sentido, trabajamos y nos encaminaremos a realizar todos los esfuerzos conducentes para avivar y elevar la conciencia en funci\u00f3n de garantizar la Unidad Necesaria. Solo integrados en una gran alianza de pueblos latinoamericanos y caribe\u00f1os contra el neo colonialismo, basada en la conciencia de clase frente la voracidad imperial, podr\u00e1 dar al traste con las intenciones de someternos a los designios del mandante de la Casa Blanca.<\/p>\n\n\n\n<p>Ante lo expuesto, convocamos a todos los amigos del mundo a brindar el respaldo irrestricto a los presidentes Nicol\u00e1s Maduro Moros y Miguel D\u00edaz-Canel Berm\u00fadez, garantes de la transici\u00f3n al Socialismo y de las transformaciones hacia una sociedad m\u00e1s humana en sus respectivos pa\u00edses.<\/p>\n\n\n\n<p>Instamos tambi\u00e9n a exigir al gobierno de los Estados Unidos cesar en la aplicaci\u00f3n de medidas coercitivas unilaterales y cumplir con la petici\u00f3n de la comunidad internacional de poner fin a esta pol\u00edtica criminal y obsoleta contra los pueblos de Venezuela y Cuba, como tambi\u00e9n solicitar el resarcimiento por los da\u00f1os econ\u00f3micos, morales y sociales causados por las agresiones hacia ambas sociedades. Y finalmente, movilizar a la opini\u00f3n p\u00fablica mundial como multiplicadores de la verdad de Venezuela y Cuba frente a las campa\u00f1as criminales de las transnacionales de la desinformaci\u00f3n al servicio del imperialismo.<\/p>\n\n\n\n<h2 class=\"has-text-align-center wp-block-heading\">Cuba y Venezuela una sola bandera.<\/h2>\n\n\n\n<h2 class=\"has-text-align-center wp-block-heading\">Las Sanciones son Criminales.<\/h2>\n\n\n\n<p class=\"has-text-align-right\">Caracas, 15 de marzo 2020<\/p>","protected":false},"excerpt":{"rendered":"<p>El Movimiento Nacional de Amistad y Solidaridad Mutua Venezuela- Cuba, denuncia ante la opini\u00f3n p\u00fablica internacional la genocida y criminal escalada de medidas que de manera excesiva aplica el Gobierno de Donald Trump contra ambos pa\u00edses, recrudeciendo el bloqueo, la persecuci\u00f3n econ\u00f3mica y financiera con el objetivo de impedir la adquisici\u00f3n de alimentos, medicinas y [&hellip;]<\/p>\n","protected":false},"author":3,"featured_media":266,"comment_status":"open","ping_status":"open","sticky":false,"template":"","format":"standard","meta":{"nf_dc_page":"","om_disable_all_campaigns":false,"_uag_custom_page_level_css":"","_monsterinsights_skip_tracking":false,"_monsterinsights_sitenote_active":false,"_monsterinsights_sitenote_note":"","_monsterinsights_sitenote_category":0,"_jetpack_memberships_contains_paid_content":false,"footnotes":""},"categories":[5,3,6],"tags":[],"class_list":["post-290","post","type-post","status-publish","format-standard","has-post-thumbnail","hentry","category-cuba","category-noticias","category-venezuela"],"jetpack_featured_media_url":"https:\/\/i0.wp.com\/fidelidadacuba.org\/wp-content\/uploads\/2020\/03\/icap.jpg?fit=750%2C400&ssl=1","uagb_featured_image_src":{"full":["https:\/\/i0.wp.com\/fidelidadacuba.org\/wp-content\/uploads\/2020\/03\/icap.jpg?fit=750%2C400&ssl=1",750,400,false],"thumbnail":["https:\/\/i0.wp.com\/fidelidadacuba.org\/wp-content\/uploads\/2020\/03\/icap.jpg?resize=150%2C150&ssl=1",150,150,true],"medium":["https:\/\/i0.wp.com\/fidelidadacuba.org\/wp-content\/uploads\/2020\/03\/icap.jpg?fit=300%2C160&ssl=1",300,160,true],"medium_large":["https:\/\/i0.wp.com\/fidelidadacuba.org\/wp-content\/uploads\/2020\/03\/icap.jpg?fit=640%2C341&ssl=1",640,341,true],"large":["https:\/\/i0.wp.com\/fidelidadacuba.org\/wp-content\/uploads\/2020\/03\/icap.jpg?fit=640%2C341&ssl=1",640,341,true],"gs-square-thumb":["https:\/\/i0.wp.com\/fidelidadacuba.org\/wp-content\/uploads\/2020\/03\/icap.jpg?resize=420%2C400&ssl=1",420,400,true],"400x600":["https:\/\/i0.wp.com\/fidelidadacuba.org\/wp-content\/uploads\/2020\/03\/icap.jpg?resize=400%2C400&ssl=1",400,400,true],"250x375":["https:\/\/i0.wp.com\/fidelidadacuba.org\/wp-content\/uploads\/2020\/03\/icap.jpg?resize=250%2C375&ssl=1",250,375,true],"1536x1536":["https:\/\/i0.wp.com\/fidelidadacuba.org\/wp-content\/uploads\/2020\/03\/icap.jpg?fit=750%2C400&ssl=1",750,400,true],"2048x2048":["https:\/\/i0.wp.com\/fidelidadacuba.org\/wp-content\/uploads\/2020\/03\/icap.jpg?fit=750%2C400&ssl=1",750,400,true],"trp-custom-language-flag":["https:\/\/i0.wp.com\/fidelidadacuba.org\/wp-content\/uploads\/2020\/03\/icap.jpg?fit=18%2C10&ssl=1",18,10,true],"power-magazine-slider":["https:\/\/i0.wp.com\/fidelidadacuba.org\/wp-content\/uploads\/2020\/03\/icap.jpg?resize=750%2C400&ssl=1",750,400,true],"power-magazine-mixed":["https:\/\/i0.wp.com\/fidelidadacuba.org\/wp-content\/uploads\/2020\/03\/icap.jpg?resize=194%2C194&ssl=1",194,194,true],"power-magazine-mixed-large":["https:\/\/i0.wp.com\/fidelidadacuba.org\/wp-content\/uploads\/2020\/03\/icap.jpg?resize=360%2C212&ssl=1",360,212,true],"power-magazine-masonry-large":["https:\/\/i0.wp.com\/fidelidadacuba.org\/wp-content\/uploads\/2020\/03\/icap.jpg?resize=360%2C400&ssl=1",360,400,true],"rpwe-thumbnail":["https:\/\/fidelidadacuba.org\/wp-content\/uploads\/2020\/03\/icap.jpg",45,24,false]},"uagb_author_info":{"display_name":"Yhonny Garc\u00eca Calles","author_link":"https:\/\/fidelidadacuba.org\/en\/author\/yhonnyg\/"},"uagb_comment_info":1,"uagb_excerpt":"El Movimiento Nacional de Amistad y Solidaridad Mutua Venezuela- Cuba, denuncia ante la opini\u00f3n p\u00fablica internacional la genocida y criminal escalada de medidas que de manera excesiva aplica el Gobierno de Donald Trump contra ambos pa\u00edses, recrudeciendo el bloqueo, la persecuci\u00f3n econ\u00f3mica y financiera con el objetivo de impedir la adquisici\u00f3n de alimentos, medicinas y&hellip;","jetpack_sharing_enabled":true,"_links":{"self":[{"href":"https:\/\/fidelidadacuba.org\/en\/wp-json\/wp\/v2\/posts\/290","targetHints":{"allow":["GET"]}}],"collection":[{"href":"https:\/\/fidelidadacuba.org\/en\/wp-json\/wp\/v2\/posts"}],"about":[{"href":"https:\/\/fidelidadacuba.org\/en\/wp-json\/wp\/v2\/types\/post"}],"author":[{"embeddable":true,"href":"https:\/\/fidelidadacuba.org\/en\/wp-json\/wp\/v2\/users\/3"}],"replies":[{"embeddable":true,"href":"https:\/\/fidelidadacuba.org\/en\/wp-json\/wp\/v2\/comments?post=290"}],"version-history":[{"count":1,"href":"https:\/\/fidelidadacuba.org\/en\/wp-json\/wp\/v2\/posts\/290\/revisions"}],"predecessor-version":[{"id":291,"href":"https:\/\/fidelidadacuba.org\/en\/wp-json\/wp\/v2\/posts\/290\/revisions\/291"}],"wp:featuredmedia":[{"embeddable":true,"href":"https:\/\/fidelidadacuba.org\/en\/wp-json\/wp\/v2\/media\/266"}],"wp:attachment":[{"href":"https:\/\/fidelidadacuba.org\/en\/wp-json\/wp\/v2\/media?parent=290"}],"wp:term":[{"taxonomy":"category","embeddable":true,"href":"https:\/\/fidelidadacuba.org\/en\/wp-json\/wp\/v2\/categories?post=290"},{"taxonomy":"post_tag","embeddable":true,"href":"https:\/\/fidelidadacuba.org\/en\/wp-json\/wp\/v2\/tags?post=290"}],"curies":[{"name":"wp","href":"https:\/\/api.w.org\/{rel}","templated":true}]}}