{"id":288,"date":"2020-04-08T12:40:00","date_gmt":"2020-04-08T12:40:00","guid":{"rendered":"https:\/\/fidelidadacuba.org\/?p=288"},"modified":"2020-04-08T12:40:13","modified_gmt":"2020-04-08T12:40:13","slug":"carta-al-pueblo-de-los-estados-unidos-de-america-de-presidente-nicolas-maduro","status":"publish","type":"post","link":"https:\/\/fidelidadacuba.org\/en\/carta-al-pueblo-de-los-estados-unidos-de-america-de-presidente-nicolas-maduro\/","title":{"rendered":"CARTA AL PUEBLO DE LOS ESTADOS UNIDOS DE AMERICA DE PRESIDENTE NICOL\u00c1S MADURO"},"content":{"rendered":"<figure class=\"wp-block-image\"><img data-recalc-dims=\"1\" height=\"208\" width=\"640\" decoding=\"async\" src=\"https:\/\/i0.wp.com\/www.cuba-venezuela.org\/wp-content\/uploads\/2020\/04\/MaduroLetterheadES_40320-860x280.png?resize=640%2C208\" alt=\"\"\/><\/figure>\n\n\n\n<p>Al Pueblo de los Estados Unidos de America:<\/p>\n\n\n\n<p>Desde hace semanas, el mundo esta paralizado, intentando controlar una pandemia que sin duda es el desaf\u00edo mas grande que hemos enfrentado juntas como sociedad y comunidad internacional. Al igual que para el pueblo de Estados Unidos, confrontar\/a es nuestra prioridad.<\/p>\n\n\n\n<p>Afortunadamente, en Venezuela hemos contado con algunas ventajas. Tomamos medidas muy tempranas de aislamiento y el despistaje ampliado, apoy\u00e1ndonos en nuestro sistema publico y gratuito de salud, que cuenta con m\u00e9dicos de familia alrededor de todo el pa\u00eds. Contamos tambi\u00e9n con la invalorable organizaci\u00f3n comunitaria para ayudar a elevar la conciencia social y brindar apoyo a los mas vulnerables.<\/p>\n\n\n\n<p>Igualmente, la solidaridad de Cuba, China, Rusia y el apoyo de la Organizaci6n Mundial de la Salud, nos ha permitido obtener insumos m\u00e9dicos necesarios, a pesar de las sanciones ilegales de Donald Trump.<\/p>\n\n\n\n<p>Al expresarles mi solidaridad ante este importante desaf\u00edo hist\u00f3rico y nuestra consternaci\u00f3n y dolor por las consecuencias de la pandemia en EEUU, me veo obligado a tambi\u00e9n alertarles que, mientras el mundo se enfoca en atender la emergencia del COVID-19,&nbsp;<strong>el gobierno de Trump, instrumentalizando una vez mas las instituciones para alcanzar sus objetivos electorales y bas\u00e1ndose en infamias bajo pretexto de la lucha contra las drogas, ha ordenado el despliegue militar mas grande de Estados Unidos hacia nuestra regi\u00f3n en 30 a\u00f1os, con el fin de amenazar a Venezuela y de llevar a nuestra regi\u00f3n a un conflicto b\u00e9lico costoso, sangriento y de duraci\u00f3n indefinida.<\/strong><\/p>\n\n\n\n<p>Como antecedente a esta maniobra falaz, el pasado 26 de marzo, William Barr, un Fiscal General de cuestionable independencia (quien recomend\u00f3 la invasi\u00f3n de 1989 a Panam\u00e1 contra Noriega y ayud\u00f3 a encubrir las irregularidades del esc\u00e1ndalo Ir\u00e1n-Contra), present\u00f3,&nbsp;<strong>sin mostrar prueba alguna<\/strong>, acusaciones de narcotr\u00e1fico hacia los Estados Unidos contra mi y contra altos funcionarios del Estado venezolano, a pesar de que la informaci\u00f3n del propio Departamento de Defensa demuestra que&nbsp;<strong>Venezuela no es un pa\u00eds de tr\u00e1nsito primario de drogas hacia los Estados Unidos<\/strong>, coma s\u00ed lo son pa\u00edses aliados de Washington coma Colombia u Honduras.<\/p>\n\n\n\n<p><strong>Es claro, que la administraci\u00f3n Trump construye una cortina de humo para ocultar el improvisado y err\u00e1tico manejo de la pandemia en Estados Unidos. Desde un principio Donald Trump le rest\u00f3 importancia y la neg\u00f3, tal como ha hecho con el cambio clim\u00e1tico. Hoy la crisis se agrava simplemente porque, pese a contar con recursos, no est\u00e1 dispuesto a transformar el sistema de salud en uno que priorice el cuidado pleno de la poblaci\u00f3n y no el lucro de ganancias de la medicina privada, las compa\u00f1\u00edas de seguros y las farmac\u00e9uticas.<\/strong><\/p>\n\n\n\n<p>Nosotros en Venezuela no queremos un conflicto armada en nuestra regi\u00f3n. Queremos relaciones fraternales, de cooperaci\u00f3n, de intercambio y de respeto.<\/p>\n\n\n\n<p><strong>No podemos aceptar amenazas b\u00e9licas, ni bloqueos, ni tampoco la intenci\u00f3n de instalar un tutelaje internacional que viola nuestra soberan\u00eda y desconoce los avances del \u00faltimo a\u00f1o en el di\u00e1logo pol\u00edtico sincero entre el gobierno y gran parte de la oposici\u00f3n venezolana, que desea soluciones pol\u00edticas, y no guerras por petr\u00f3leo.<\/strong><\/p>\n\n\n\n<p>Por todo lo anterior, hago un llamado al pueblo de los Estados Unidos para que ponga freno a esta locura, para que responsabilice a sus gobernantes y los obligue a enfocar su atenci\u00f3n y sus recursos en la atenci\u00f3n urgente de la pandemia. Pido, junta al cese de las amenazas militares, el fin de las sanciones ilegales y el bloqueo que restringe el acceso a insumos humanitarios, tan necesarios hoy en el pa\u00eds. Les pido, con el coraz\u00f3n en la mano, que no permitan que su pa\u00eds se vea arrastrado, una vez mas, a otro conflicto interminable, otro Vietnam u otro lr\u00e1k, pero esta vez mas cerca de casa.<\/p>\n\n\n\n<p><strong>No somos tan diferentes, como nos quieren hacer creer con infamias. Somos pueblos buscando una sociedad mas justa, libre y compasiva. No dejemos que los intereses particulares de minor\u00edas cegadas por ambici\u00f3n nos separen.<\/strong><\/p>\n\n\n\n<p>Nosotros, coma dijo una vez nuestro l\u00edder Hugo Ch\u00e1vez, compartimos el mismo sueno. El sue\u00f1o de Martin Luther King es tambi\u00e9n el sue\u00f1o de Venezuela y de su gobierno revolucionario. Los invito a luchar juntas por hacer realidad ese sue\u00f1o.<\/p>\n\n\n\n<p>No a la guerra de Estados Unidos contra Venezuela<br>No mas sanciones criminales.<br>Queremos Paz.<\/p>\n\n\n\n<div class=\"wp-block-image\"><figure class=\"alignleft\"><a href=\"https:\/\/i0.wp.com\/www.cuba-venezuela.org\/wp-content\/uploads\/2020\/04\/MaduroSignature.png\"><img data-recalc-dims=\"1\" height=\"141\" width=\"300\" decoding=\"async\" src=\"https:\/\/i0.wp.com\/www.cuba-venezuela.org\/wp-content\/uploads\/2020\/04\/MaduroSignature-300x141.png?resize=300%2C141\" alt=\"\" class=\"wp-image-1698\"\/><\/a><\/figure><\/div>\n\n\n\n<p>Nicol\u00e1s Maduro Moros<br>Caracas, 3 de abril de 2020<\/p>","protected":false},"excerpt":{"rendered":"<p>Al Pueblo de los Estados Unidos de America: Desde hace semanas, el mundo esta paralizado, intentando controlar una pandemia que sin duda es el desaf\u00edo mas grande que hemos enfrentado juntas como sociedad y comunidad internacional. Al igual que para el pueblo de Estados Unidos, confrontar\/a es nuestra prioridad. Afortunadamente, en Venezuela hemos contado con [&hellip;]<\/p>\n","protected":false},"author":3,"featured_media":286,"comment_status":"open","ping_status":"open","sticky":false,"template":"","format":"standard","meta":{"nf_dc_page":"","om_disable_all_campaigns":false,"_uag_custom_page_level_css":"","_monsterinsights_skip_tracking":false,"_monsterinsights_sitenote_active":false,"_monsterinsights_sitenote_note":"","_monsterinsights_sitenote_category":0,"_jetpack_memberships_contains_paid_content":false,"footnotes":""},"categories":[3,6],"tags":[],"class_list":["post-288","post","type-post","status-publish","format-standard","has-post-thumbnail","hentry","category-noticias","category-venezuela"],"jetpack_featured_media_url":"https:\/\/i0.wp.com\/fidelidadacuba.org\/wp-content\/uploads\/2020\/04\/President-Maduro-meets-with-a-peace-delegation-from-the-United-States-and-Canada-in-March-2019.jpg?fit=600%2C307&ssl=1","uagb_featured_image_src":{"full":["https:\/\/i0.wp.com\/fidelidadacuba.org\/wp-content\/uploads\/2020\/04\/President-Maduro-meets-with-a-peace-delegation-from-the-United-States-and-Canada-in-March-2019.jpg?fit=600%2C307&ssl=1",600,307,false],"thumbnail":["https:\/\/i0.wp.com\/fidelidadacuba.org\/wp-content\/uploads\/2020\/04\/President-Maduro-meets-with-a-peace-delegation-from-the-United-States-and-Canada-in-March-2019.jpg?resize=150%2C150&ssl=1",150,150,true],"medium":["https:\/\/i0.wp.com\/fidelidadacuba.org\/wp-content\/uploads\/2020\/04\/President-Maduro-meets-with-a-peace-delegation-from-the-United-States-and-Canada-in-March-2019.jpg?fit=300%2C154&ssl=1",300,154,true],"medium_large":["https:\/\/i0.wp.com\/fidelidadacuba.org\/wp-content\/uploads\/2020\/04\/President-Maduro-meets-with-a-peace-delegation-from-the-United-States-and-Canada-in-March-2019.jpg?fit=600%2C307&ssl=1",600,307,true],"large":["https:\/\/i0.wp.com\/fidelidadacuba.org\/wp-content\/uploads\/2020\/04\/President-Maduro-meets-with-a-peace-delegation-from-the-United-States-and-Canada-in-March-2019.jpg?fit=600%2C307&ssl=1",600,307,true],"gs-square-thumb":["https:\/\/i0.wp.com\/fidelidadacuba.org\/wp-content\/uploads\/2020\/04\/President-Maduro-meets-with-a-peace-delegation-from-the-United-States-and-Canada-in-March-2019.jpg?resize=420%2C307&ssl=1",420,307,true],"400x600":["https:\/\/i0.wp.com\/fidelidadacuba.org\/wp-content\/uploads\/2020\/04\/President-Maduro-meets-with-a-peace-delegation-from-the-United-States-and-Canada-in-March-2019.jpg?resize=400%2C307&ssl=1",400,307,true],"250x375":["https:\/\/i0.wp.com\/fidelidadacuba.org\/wp-content\/uploads\/2020\/04\/President-Maduro-meets-with-a-peace-delegation-from-the-United-States-and-Canada-in-March-2019.jpg?resize=250%2C307&ssl=1",250,307,true],"1536x1536":["https:\/\/i0.wp.com\/fidelidadacuba.org\/wp-content\/uploads\/2020\/04\/President-Maduro-meets-with-a-peace-delegation-from-the-United-States-and-Canada-in-March-2019.jpg?fit=600%2C307&ssl=1",600,307,true],"2048x2048":["https:\/\/i0.wp.com\/fidelidadacuba.org\/wp-content\/uploads\/2020\/04\/President-Maduro-meets-with-a-peace-delegation-from-the-United-States-and-Canada-in-March-2019.jpg?fit=600%2C307&ssl=1",600,307,true],"trp-custom-language-flag":["https:\/\/i0.wp.com\/fidelidadacuba.org\/wp-content\/uploads\/2020\/04\/President-Maduro-meets-with-a-peace-delegation-from-the-United-States-and-Canada-in-March-2019.jpg?fit=18%2C9&ssl=1",18,9,true],"power-magazine-slider":["https:\/\/i0.wp.com\/fidelidadacuba.org\/wp-content\/uploads\/2020\/04\/President-Maduro-meets-with-a-peace-delegation-from-the-United-States-and-Canada-in-March-2019.jpg?resize=600%2C307&ssl=1",600,307,true],"power-magazine-mixed":["https:\/\/i0.wp.com\/fidelidadacuba.org\/wp-content\/uploads\/2020\/04\/President-Maduro-meets-with-a-peace-delegation-from-the-United-States-and-Canada-in-March-2019.jpg?resize=194%2C194&ssl=1",194,194,true],"power-magazine-mixed-large":["https:\/\/i0.wp.com\/fidelidadacuba.org\/wp-content\/uploads\/2020\/04\/President-Maduro-meets-with-a-peace-delegation-from-the-United-States-and-Canada-in-March-2019.jpg?resize=360%2C212&ssl=1",360,212,true],"power-magazine-masonry-large":["https:\/\/i0.wp.com\/fidelidadacuba.org\/wp-content\/uploads\/2020\/04\/President-Maduro-meets-with-a-peace-delegation-from-the-United-States-and-Canada-in-March-2019.jpg?resize=360%2C307&ssl=1",360,307,true],"rpwe-thumbnail":["https:\/\/fidelidadacuba.org\/wp-content\/uploads\/2020\/04\/President-Maduro-meets-with-a-peace-delegation-from-the-United-States-and-Canada-in-March-2019.jpg",45,23,false]},"uagb_author_info":{"display_name":"Yhonny Garc\u00eca Calles","author_link":"https:\/\/fidelidadacuba.org\/en\/author\/yhonnyg\/"},"uagb_comment_info":2,"uagb_excerpt":"Al Pueblo de los Estados Unidos de America: Desde hace semanas, el mundo esta paralizado, intentando controlar una pandemia que sin duda es el desaf\u00edo mas grande que hemos enfrentado juntas como sociedad y comunidad internacional. Al igual que para el pueblo de Estados Unidos, confrontar\/a es nuestra prioridad. Afortunadamente, en Venezuela hemos contado con&hellip;","jetpack_sharing_enabled":true,"_links":{"self":[{"href":"https:\/\/fidelidadacuba.org\/en\/wp-json\/wp\/v2\/posts\/288","targetHints":{"allow":["GET"]}}],"collection":[{"href":"https:\/\/fidelidadacuba.org\/en\/wp-json\/wp\/v2\/posts"}],"about":[{"href":"https:\/\/fidelidadacuba.org\/en\/wp-json\/wp\/v2\/types\/post"}],"author":[{"embeddable":true,"href":"https:\/\/fidelidadacuba.org\/en\/wp-json\/wp\/v2\/users\/3"}],"replies":[{"embeddable":true,"href":"https:\/\/fidelidadacuba.org\/en\/wp-json\/wp\/v2\/comments?post=288"}],"version-history":[{"count":1,"href":"https:\/\/fidelidadacuba.org\/en\/wp-json\/wp\/v2\/posts\/288\/revisions"}],"predecessor-version":[{"id":289,"href":"https:\/\/fidelidadacuba.org\/en\/wp-json\/wp\/v2\/posts\/288\/revisions\/289"}],"wp:featuredmedia":[{"embeddable":true,"href":"https:\/\/fidelidadacuba.org\/en\/wp-json\/wp\/v2\/media\/286"}],"wp:attachment":[{"href":"https:\/\/fidelidadacuba.org\/en\/wp-json\/wp\/v2\/media?parent=288"}],"wp:term":[{"taxonomy":"category","embeddable":true,"href":"https:\/\/fidelidadacuba.org\/en\/wp-json\/wp\/v2\/categories?post=288"},{"taxonomy":"post_tag","embeddable":true,"href":"https:\/\/fidelidadacuba.org\/en\/wp-json\/wp\/v2\/tags?post=288"}],"curies":[{"name":"wp","href":"https:\/\/api.w.org\/{rel}","templated":true}]}}